{"id":11449,"date":"2016-07-27T10:29:15","date_gmt":"2016-07-27T10:29:15","guid":{"rendered":"http:\/\/rurallascolonias.com.ar\/?p=11449"},"modified":"2016-07-27T16:52:43","modified_gmt":"2016-07-27T16:52:43","slug":"a-una-semana-de-la-protesta-lechera","status":"publish","type":"post","link":"http:\/\/rurallascolonias.com.ar\/?p=11449","title":{"rendered":"A UNA SEMANA DE LA PROTESTA LECHERA"},"content":{"rendered":"<p><strong><em><a href=\"http:\/\/rurallascolonias.com.ar\/?attachment_id=11450\" rel=\"attachment wp-att-11450\"><img loading=\"lazy\" class=\"aligncenter wp-image-11450 size-medium\" src=\"http:\/\/rurallascolonias.com.ar\/wp-content\/uploads\/2016\/07\/tambo-300x155.jpg\" alt=\"tambo\" width=\"300\" height=\"155\" srcset=\"http:\/\/rurallascolonias.com.ar\/wp-content\/uploads\/2016\/07\/tambo-300x155.jpg 300w, http:\/\/rurallascolonias.com.ar\/wp-content\/uploads\/2016\/07\/tambo-600x310.jpg 600w, http:\/\/rurallascolonias.com.ar\/wp-content\/uploads\/2016\/07\/tambo-624x323.jpg 624w, http:\/\/rurallascolonias.com.ar\/wp-content\/uploads\/2016\/07\/tambo.jpg 648w\" sizes=\"(max-width: 300px) 100vw, 300px\" \/><\/a>Los tamberos regalar\u00e1n leche el 3 de agosto en la ruta 34<\/em><\/strong><!--more--><\/p>\n<p>Los tamberos santafesinos reclamar\u00e1n medidas urgentes para el sector con una modalidad in\u00e9dita: comprar\u00e1n alrededor de 2.000 litros de leche y los regalar\u00e1n al p\u00fablico, aprovechando la ocasi\u00f3n para informar sobre la cr\u00edtica situaci\u00f3n de atraviesan, producto de la suba de costos y el insuficiente valor que reciben por la materia prima.<\/p>\n<p>La protesta ser\u00e1 el mi\u00e9rcoles 3 de agosto en la ciudad de Rafaela. Desde las 10 de la ma\u00f1ana, dirigentes de la Mesa Provincial de Productores Lecheros (Meprolsafe) y de la Asociaci\u00f3n de Productores Lecheros de Argentina (APLA) se concentrar\u00e1n en el cruce de la Ruta Nacional 34 y avenida Ernesto Salva, con la intenci\u00f3n de hacer o\u00edr sus reclamos de un modo \u00abamigable\u00bb con la poblaci\u00f3n.<\/p>\n<p>Marcelo Aimaro, titular de Meprolsafe, adelant\u00f3 a Campolitoral que adem\u00e1s de repartir leche (de a un litro por persona) habr\u00e1 \u00abalguna chocolatada\u00bb y reparto de volantes \u00abpara explicarle a la gente c\u00f3mo es la situaci\u00f3n del tambero\u00bb. Seg\u00fan el dirigente la problem\u00e1tica no es s\u00f3lo sectorial, ya que la actividad econ\u00f3mica de las localidades de la cuenca depende en gran medida de la lecher\u00eda. \u00abEl impacto indirecto es muy importante]\u00bb, afirm\u00f3, porque con cada tambo que se cierra quedan cinco personas sin trabajo y \u00abel zapatero, el verdulero, el remisero, el carnicero&#8230; van a dejar de trabajar\u00bb. Por eso, el mensaje que buscan dar es que \u00abde esta tenemos que salir juntos porque si no habr\u00e1 mucho menos trabajo para todos\u00bb.<\/p>\n<p>El dirigente estim\u00f3 que el cierre de tambos en la provincia \u00abdebe estar alrededor de 10%\u00bb, pero remarc\u00f3 que el principal impacto son las vacas \u00abque se han ido del sistema\u00bb con destino al frigor\u00edfico. Esto es lo que hace distinta a esta crisis, a diferencia de otros momentos en los que los animales que se remataban se iban a seguir produciendo en otro tambo. \u00abAhora, como tanto el tambo chico como el mediano o el grande no tienen rentabilidad, creo que el 20% de la vacas se va a otro establecimiento pero el resto va a frigor\u00edfico\u00bb, estim\u00f3<\/p>\n","protected":false},"excerpt":{"rendered":"<p>Los tamberos regalar\u00e1n leche el 3 de agosto en la ruta 34<\/p>\n","protected":false},"author":5,"featured_media":0,"comment_status":"open","ping_status":"open","sticky":false,"template":"","format":"standard","meta":[],"categories":[1],"tags":[],"_links":{"self":[{"href":"http:\/\/rurallascolonias.com.ar\/index.php?rest_route=\/wp\/v2\/posts\/11449"}],"collection":[{"href":"http:\/\/rurallascolonias.com.ar\/index.php?rest_route=\/wp\/v2\/posts"}],"about":[{"href":"http:\/\/rurallascolonias.com.ar\/index.php?rest_route=\/wp\/v2\/types\/post"}],"author":[{"embeddable":true,"href":"http:\/\/rurallascolonias.com.ar\/index.php?rest_route=\/wp\/v2\/users\/5"}],"replies":[{"embeddable":true,"href":"http:\/\/rurallascolonias.com.ar\/index.php?rest_route=%2Fwp%2Fv2%2Fcomments&post=11449"}],"version-history":[{"count":1,"href":"http:\/\/rurallascolonias.com.ar\/index.php?rest_route=\/wp\/v2\/posts\/11449\/revisions"}],"predecessor-version":[{"id":11451,"href":"http:\/\/rurallascolonias.com.ar\/index.php?rest_route=\/wp\/v2\/posts\/11449\/revisions\/11451"}],"wp:attachment":[{"href":"http:\/\/rurallascolonias.com.ar\/index.php?rest_route=%2Fwp%2Fv2%2Fmedia&parent=11449"}],"wp:term":[{"taxonomy":"category","embeddable":true,"href":"http:\/\/rurallascolonias.com.ar\/index.php?rest_route=%2Fwp%2Fv2%2Fcategories&post=11449"},{"taxonomy":"post_tag","embeddable":true,"href":"http:\/\/rurallascolonias.com.ar\/index.php?rest_route=%2Fwp%2Fv2%2Ftags&post=11449"}],"curies":[{"name":"wp","href":"https:\/\/api.w.org\/{rel}","templated":true}]}}