{"id":11362,"date":"2016-07-19T10:57:47","date_gmt":"2016-07-19T10:57:47","guid":{"rendered":"http:\/\/rurallascolonias.com.ar\/?p=11362"},"modified":"2016-07-19T18:00:28","modified_gmt":"2016-07-19T18:00:28","slug":"buryaile-vamos-a-acompanar-a-los-productores-para-que-negocien-mejor-con-el-resto-de-la-cadena","status":"publish","type":"post","link":"http:\/\/rurallascolonias.com.ar\/?p=11362","title":{"rendered":"Buryaile: \u201cVamos a acompa\u00f1ar a los productores para que negocien mejor con el resto de la cadena\u201d"},"content":{"rendered":"<p><strong><em><a href=\"http:\/\/rurallascolonias.com.ar\/?attachment_id=11363\" rel=\"attachment wp-att-11363\"><img loading=\"lazy\" class=\"aligncenter size-full wp-image-11363\" src=\"http:\/\/rurallascolonias.com.ar\/wp-content\/uploads\/2016\/07\/BURYAILE-3.jpg\" alt=\"BURYAILE 3\" width=\"300\" height=\"300\" srcset=\"http:\/\/rurallascolonias.com.ar\/wp-content\/uploads\/2016\/07\/BURYAILE-3.jpg 300w, http:\/\/rurallascolonias.com.ar\/wp-content\/uploads\/2016\/07\/BURYAILE-3-150x150.jpg 150w\" sizes=\"(max-width: 300px) 100vw, 300px\" \/><\/a>EL MINISTRO DE AGROINDUSTRIA, RICARDO BURYAILE, DIJO QUE \u201cHOY EL TEMA M\u00c1S IMPORTANTE ES LA SITUACI\u00d3N DE LA LECHER\u00cdA\u201d Y ADELANT\u00d3 QUE ESTE MI\u00c9RCOLES SE REUNIR\u00c1 CON LOS MINISTROS DE HACIENDA Y PRODUCCI\u00d3N PARA \u201cAVANZAR EN LA TRANSPARENCIA DE LA CADENA L\u00c1CTEA\u201d<\/em><\/strong><!--more--><\/p>\n<p>Ante la situaci\u00f3n de los tamberos, afectados por una confluencia de problemas clim\u00e1ticos, ca\u00edda de precios internacionales y suba de insumos, Buryaile adelant\u00f3 que el mi\u00e9rcoles se reunir\u00e1 con el ministro de Hacienda, Alfonso Prat Gay, y el de Producci\u00f3n, Francisco Cabrera.<\/p>\n<p>\u201cQueremos reunirnos con todos los integrantes de la cadena. Hoy la situaci\u00f3n de los tamberos es complicada, pero tambi\u00e9n la de la industria, viendo los casos testigos de La Seren\u00edsima y Sancor y queremos dar cuenta de esta situaci\u00f3n\u201d, dijo el funcionario en di\u00e1logo con T\u00e9lam.<\/p>\n<p>\u201cLa soluci\u00f3n est\u00e1 en analizar todos los actores de la cadena, la soluci\u00f3n es que los distintos eslabones vayan en conjunto y negocien de otra forma con la distribuci\u00f3n\u201d, dijo<\/p>\n<p>\u201cVamos a acompa\u00f1ar a los productores para que negocien mejor con el resto de la cadena\u201d, destac\u00f3 Buryaile.<\/p>\n<p>Por su parte, el presidente del Banco Naci\u00f3n, Carlos Melconian, dijo a T\u00e9lam que \u201cya hay l\u00edneas para el sector, con subsidios de hasta 8 puntos\u201d.<\/p>\n<p>\u201cEl otro d\u00eda se acerc\u00f3 el gobernador de Santa Fe, Miguel Lifschitz, con un grupo de productores con problemas que exceden la situaci\u00f3n crediticia, pero nuestro compromiso es acompa\u00f1ar al sector\u201d, dijo el funcionario.<\/p>\n<p>Por su parte, respecto de la situaci\u00f3n de Sancor, que tiene distintas l\u00edneas de financiamiento con el banco, Melconian dijo que \u201ces un tema que me encarg\u00f3 personalmente el presidente Macri, y el banco le est\u00e1 poniendo el pecho todo lo que puede\u201d.<\/p>\n<p>En los \u00faltimos quince d\u00edas, productores de tambos nucleados principalmente en Confederaciones Rurales Argentinas (CRA) y Federaci\u00f3n Agraria, pidieron llevar el precio que paga la industria a 4,5 por litro, y que la suba propuesta de alrededor de 1,5 pesos \u201csalga de la cadena\u201d.<\/p>\n<p>\u201cNo queremos subsidios, queremos que la recomposici\u00f3n salga de la cadena\u201d, dijeron.<\/p>\n<p>Por lo bajo, los dirigentes rurales apuntan al supermercadismo y algunas empresa l\u00e1cteas que \u201cacuerdan por zona para bajar el precio que pagan a los tamberos\u201d.<\/p>\n<p>\u201cHemos solicitado una inmediata recomposici\u00f3n del precio de leche cruda consistente en un aporte de $1,50 por litro de leche durante seis meses sobre la base de los $4,50 que la industria manifiesta pagar en el presente mes\u201d, hab\u00edan destacado los tamberos en un comunicado.<\/p>\n<p>\u201cNuestro pedido se basa en el hecho de que el Gobierno nacional debe priorizar como raz\u00f3n de Estado la supervivencia del sector productivo lechero argentino que est\u00e1 en franco quebranto como es de p\u00fablico conocimiento\u201d, destacaron.<\/p>\n<p>\u201cLa cadena l\u00e1ctea nacional vive una completa distorsi\u00f3n que perjudica desde hace a\u00f1os \u00fanicamente al productor tambero, y que se ha agudizado en los \u00faltimos seis meses, mientras otros eslabones son los grandes beneficiados de una renta que no comparten\u201d, concluyeron.<\/p>\n<p>http:\/\/www.telam.com.ar<\/p>\n","protected":false},"excerpt":{"rendered":"<p>EL MINISTRO DE AGROINDUSTRIA, RICARDO BURYAILE, DIJO QUE \u201cHOY EL TEMA M\u00c1S IMPORTANTE ES LA SITUACI\u00d3N DE LA LECHER\u00cdA\u201d Y ADELANT\u00d3 QUE ESTE MI\u00c9RCOLES SE REUNIR\u00c1 CON LOS MINISTROS DE HACIENDA Y PRODUCCI\u00d3N PARA \u201cAVANZAR EN LA TRANSPARENCIA DE LA CADENA L\u00c1CTEA\u201d<\/p>\n","protected":false},"author":5,"featured_media":0,"comment_status":"open","ping_status":"open","sticky":false,"template":"","format":"standard","meta":[],"categories":[46,33],"tags":[3064,2588,47,106,227],"_links":{"self":[{"href":"http:\/\/rurallascolonias.com.ar\/index.php?rest_route=\/wp\/v2\/posts\/11362"}],"collection":[{"href":"http:\/\/rurallascolonias.com.ar\/index.php?rest_route=\/wp\/v2\/posts"}],"about":[{"href":"http:\/\/rurallascolonias.com.ar\/index.php?rest_route=\/wp\/v2\/types\/post"}],"author":[{"embeddable":true,"href":"http:\/\/rurallascolonias.com.ar\/index.php?rest_route=\/wp\/v2\/users\/5"}],"replies":[{"embeddable":true,"href":"http:\/\/rurallascolonias.com.ar\/index.php?rest_route=%2Fwp%2Fv2%2Fcomments&post=11362"}],"version-history":[{"count":1,"href":"http:\/\/rurallascolonias.com.ar\/index.php?rest_route=\/wp\/v2\/posts\/11362\/revisions"}],"predecessor-version":[{"id":11364,"href":"http:\/\/rurallascolonias.com.ar\/index.php?rest_route=\/wp\/v2\/posts\/11362\/revisions\/11364"}],"wp:attachment":[{"href":"http:\/\/rurallascolonias.com.ar\/index.php?rest_route=%2Fwp%2Fv2%2Fmedia&parent=11362"}],"wp:term":[{"taxonomy":"category","embeddable":true,"href":"http:\/\/rurallascolonias.com.ar\/index.php?rest_route=%2Fwp%2Fv2%2Fcategories&post=11362"},{"taxonomy":"post_tag","embeddable":true,"href":"http:\/\/rurallascolonias.com.ar\/index.php?rest_route=%2Fwp%2Fv2%2Ftags&post=11362"}],"curies":[{"name":"wp","href":"https:\/\/api.w.org\/{rel}","templated":true}]}}