{"id":11347,"date":"2016-07-18T10:27:04","date_gmt":"2016-07-18T10:27:04","guid":{"rendered":"http:\/\/rurallascolonias.com.ar\/?p=11347"},"modified":"2016-07-18T17:32:23","modified_gmt":"2016-07-18T17:32:23","slug":"los-transportistas-de-cereales-realizan-un-paro-que-interrumpira-la-circulacion-de-180-000-camiones","status":"publish","type":"post","link":"http:\/\/rurallascolonias.com.ar\/?p=11347","title":{"rendered":"Los transportistas de cereales realizan un paro que interrumpir\u00e1 la circulaci\u00f3n de 180.000 camiones"},"content":{"rendered":"<h2><em><a href=\"http:\/\/rurallascolonias.com.ar\/?attachment_id=11348\" rel=\"attachment wp-att-11348\"><img loading=\"lazy\" class=\"aligncenter wp-image-11348 size-medium\" src=\"http:\/\/rurallascolonias.com.ar\/wp-content\/uploads\/2016\/07\/transportes-de-cereales-300x225.jpg\" alt=\"transportes de cereales\" width=\"300\" height=\"225\" srcset=\"http:\/\/rurallascolonias.com.ar\/wp-content\/uploads\/2016\/07\/transportes-de-cereales-300x225.jpg 300w, http:\/\/rurallascolonias.com.ar\/wp-content\/uploads\/2016\/07\/transportes-de-cereales-600x450.jpg 600w, http:\/\/rurallascolonias.com.ar\/wp-content\/uploads\/2016\/07\/transportes-de-cereales-624x468.jpg 624w, http:\/\/rurallascolonias.com.ar\/wp-content\/uploads\/2016\/07\/transportes-de-cereales.jpg 640w\" sizes=\"(max-width: 300px) 100vw, 300px\" \/><\/a>La medida de fuerza comenz\u00f3 en la medianoche de lunes y ser\u00e1 por tiempo indeterminado. Reclaman, entre otras cosas, el aumento de la tarifa nacional para los fletes y la implementaci\u00f3n de sistema de cupos numerados<\/em><\/h2>\n<p><!--more--><\/p>\n<p>Transportistas agrupados en la Confederaci\u00f3n Argentina del Transporte Automotor de Cargas (Catac) y en la Federaci\u00f3n de Transportadores Argentinos (Fetra) comenzaron un paro por tiempo indeterminado que afectar\u00e1 el transporte de granos en todo el pa\u00eds.<\/p>\n<p>La medida de fuerza es por el fracaso en las negociaciones por el aumento de la tarifa del servicio con las entidades del campo. \u00abPedimos 31%. Nos vamos a manifestar en las rutas\u00bb, dijo Pablo Agolanti, vicepresidente de Fetra, en declaraciones radiales.<\/p>\n<p>La protesta, que involucra a 180.000 camiones, afectar\u00e1 todo tipo de traslado de granos, con lo cual se paralizar\u00e1 el ingreso a los puertos.<\/p>\n<p>El paro tambi\u00e9n es por otros reclamos, entre ellos la implementaci\u00f3n de sistema de cupos numerados, un plan de renovaci\u00f3n de flotas acorde a las necesidades del sector, m\u00e1s seguridad en las zonas portuarias con presencia de fuerzas nacionales, subsidios en los peajes e inversiones en infraestructura vial y accesos a puertos.<\/p>\n<p>\u00abNo va a haber ning\u00fan cami\u00f3n que pueda entrar a los puertos, porque es la \u00fanica soluci\u00f3n para que se nos tenga en cuenta\u00bb, afirm\u00f3 el presidente de Catac, Ram\u00f3n Jatip, seg\u00fan consign\u00f3 T\u00e9lam.<\/p>\n<p>Los transportistas alertaron que \u00abla devaluaci\u00f3n del 60% de diciembre se reflej\u00f3 en todos los insumos\u00bb del sector y especifican que se han registrado un \u00abaumento mayor al 30% en el combustible; 30% en los neum\u00e1ticos y del 400% en los peajes\u00bb.<\/p>\n<p><strong>Fuente: La Naci\u00f3n<\/strong><\/p>\n","protected":false},"excerpt":{"rendered":"<p>La medida de fuerza comenz\u00f3 en la medianoche de lunes y ser\u00e1 por tiempo indeterminado. Reclaman, entre otras cosas, el aumento de la tarifa nacional para los fletes y la implementaci\u00f3n de sistema de cupos numerados<\/p>\n","protected":false},"author":5,"featured_media":0,"comment_status":"open","ping_status":"open","sticky":false,"template":"","format":"standard","meta":[],"categories":[42],"tags":[3063,3062,1784,1031,3061],"_links":{"self":[{"href":"http:\/\/rurallascolonias.com.ar\/index.php?rest_route=\/wp\/v2\/posts\/11347"}],"collection":[{"href":"http:\/\/rurallascolonias.com.ar\/index.php?rest_route=\/wp\/v2\/posts"}],"about":[{"href":"http:\/\/rurallascolonias.com.ar\/index.php?rest_route=\/wp\/v2\/types\/post"}],"author":[{"embeddable":true,"href":"http:\/\/rurallascolonias.com.ar\/index.php?rest_route=\/wp\/v2\/users\/5"}],"replies":[{"embeddable":true,"href":"http:\/\/rurallascolonias.com.ar\/index.php?rest_route=%2Fwp%2Fv2%2Fcomments&post=11347"}],"version-history":[{"count":1,"href":"http:\/\/rurallascolonias.com.ar\/index.php?rest_route=\/wp\/v2\/posts\/11347\/revisions"}],"predecessor-version":[{"id":11349,"href":"http:\/\/rurallascolonias.com.ar\/index.php?rest_route=\/wp\/v2\/posts\/11347\/revisions\/11349"}],"wp:attachment":[{"href":"http:\/\/rurallascolonias.com.ar\/index.php?rest_route=%2Fwp%2Fv2%2Fmedia&parent=11347"}],"wp:term":[{"taxonomy":"category","embeddable":true,"href":"http:\/\/rurallascolonias.com.ar\/index.php?rest_route=%2Fwp%2Fv2%2Fcategories&post=11347"},{"taxonomy":"post_tag","embeddable":true,"href":"http:\/\/rurallascolonias.com.ar\/index.php?rest_route=%2Fwp%2Fv2%2Ftags&post=11347"}],"curies":[{"name":"wp","href":"https:\/\/api.w.org\/{rel}","templated":true}]}}