{"id":11337,"date":"2016-07-18T16:52:58","date_gmt":"2016-07-18T16:52:58","guid":{"rendered":"http:\/\/rurallascolonias.com.ar\/?p=11337"},"modified":"2016-07-18T16:52:58","modified_gmt":"2016-07-18T16:52:58","slug":"en-los-ultimos-14-anos-el-precio-de-la-leche-subio-mucho-mas-que-la-luz-y-el-gas","status":"publish","type":"post","link":"http:\/\/rurallascolonias.com.ar\/?p=11337","title":{"rendered":"En los \u00faltimos 14 a\u00f1os el precio de la leche subi\u00f3 mucho m\u00e1s que la luz y el gas"},"content":{"rendered":"<p><strong><em><a href=\"http:\/\/rurallascolonias.com.ar\/?attachment_id=1880\" rel=\"attachment wp-att-1880\"><img loading=\"lazy\" class=\"aligncenter size-full wp-image-1880\" src=\"http:\/\/rurallascolonias.com.ar\/wp-content\/uploads\/2014\/03\/precio-de-la-leche-6.jpg\" alt=\"precio de la leche 6\" width=\"275\" height=\"183\" \/><\/a>Los fallidos aumentos de los servicios p\u00fablicos manten\u00edan un severo retraso con la variaci\u00f3n promedio de la econom\u00eda<\/em><\/strong><!--more--><\/p>\n<p>A\u00fan con un aumento del 400% de la factura del gas de red, el valor del servicio mantiene un rezago de 1.000 puntos porcentuales con la inflaci\u00f3n desde 2001<br \/>\nDurante casi tres lustros la sociedad argentina fue sometida a convivir con tres reg\u00edmenes de precios:<\/p>\n<p>1. Los determinados por la estacionalidad de alta o baja, como ocurre con la mayor parte de los productos frescos, cuya oferta depende de la extensi\u00f3n y madurez del ciclo productivo: frutas, verduras, cereales y oleaginosas y ciclo ganadero.<\/p>\n<p>2. Los libres, que no dependen ni del clima ni del calendario (como el turismo), sino de la oferta de la producci\u00f3n y de las importaciones, y de la demanda del consumo interno y de las exportaciones.<\/p>\n<p>3. Los precios administrados por el gobierno central como estrategia de control de la inflaci\u00f3n, aunque fracas\u00f3 hist\u00f3ricamente en el mundo y m\u00e1s a\u00fan en la Argentina, como se repiti\u00f3 en las tarifas de los servicios p\u00fablicos, el tipo de cambio y muchos productos de la canasta b\u00e1sica familiar.<\/p>\n<p>Desde 2001 el precio del sachet de leche se multiplic\u00f3 por 16,1, el valor del servicio b\u00e1sico de la TV por cable por 12,7, mientras que con el \u00faltimo aumento en suspenso la tarifa de la luz lo hizo por 6,7 y la del gas por 12,4 veces<br \/>\nFue justamente en los precios administrados, o regulados por el Poder Ejecutivo Nacional, donde la arbitrariedad del poder central produjo severas distorsiones. Al punto que, en poco m\u00e1s de 14 a\u00f1os \u2013a\u00fan con los aumentos que se intentaron aplicar a partir de abril, frenados por intervenci\u00f3n judicial\u2013, mientras las tarifas de luz y gas subieron un 659% y 1.135%, respectivamente, el precio de la leche en la g\u00f3ndola de supermercados se encareci\u00f3 1.510%, el servicio b\u00e1sico de TV por cable 1.169%, mientras que la inflaci\u00f3n que erosion\u00f3 el poder de compra de muchos salarios se elev\u00f3 en ese per\u00edodo poco m\u00e1s de 1.600%.<\/p>\n<p>El Gobierno nacional intent\u00f3 corregir el desfase entre la variaci\u00f3n de los precios de los servicios p\u00fablicos b\u00e1sicos con un ajuste de cuatro a cinco veces los valores que los usuarios pagaron por un consumo el a\u00f1o anterior. Eso signific\u00f3 una brecha de hasta diez veces con la tasa de aceleraci\u00f3n de la inflaci\u00f3n en ese per\u00edodo que provocaron la unificaci\u00f3n del mercado de cambios, la eliminaci\u00f3n de gran parte de las retenciones a las exportaciones del cambio y el encarecimiento del costo del dinero. Todo eso en un contexto donde muchos de los precios de los productos con alto componente estacional, como los del campo, se encarecieron por los perjuicios y demoras que provocaron las inundaciones en el litoral.<\/p>\n<p>Sin embargo, pese a ese intento fallido de correcci\u00f3n de lo que los economistas denominan \u201cdistorsi\u00f3n de los precios relativos de la econom\u00eda\u201d se mantuvo muy amplia la brecha negativa acumulada entre los precios de los servicios p\u00fablicos regulados, con los tambi\u00e9n regulados precios de los servicios privados.<\/p>\n<p>http:\/\/www.infobae.com<\/p>\n","protected":false},"excerpt":{"rendered":"<p>Los fallidos aumentos de los servicios p\u00fablicos manten\u00edan un severo retraso con la variaci\u00f3n promedio de la econom\u00eda<\/p>\n","protected":false},"author":5,"featured_media":0,"comment_status":"open","ping_status":"open","sticky":false,"template":"","format":"standard","meta":[],"categories":[130],"tags":[47,3058,103,3059],"_links":{"self":[{"href":"http:\/\/rurallascolonias.com.ar\/index.php?rest_route=\/wp\/v2\/posts\/11337"}],"collection":[{"href":"http:\/\/rurallascolonias.com.ar\/index.php?rest_route=\/wp\/v2\/posts"}],"about":[{"href":"http:\/\/rurallascolonias.com.ar\/index.php?rest_route=\/wp\/v2\/types\/post"}],"author":[{"embeddable":true,"href":"http:\/\/rurallascolonias.com.ar\/index.php?rest_route=\/wp\/v2\/users\/5"}],"replies":[{"embeddable":true,"href":"http:\/\/rurallascolonias.com.ar\/index.php?rest_route=%2Fwp%2Fv2%2Fcomments&post=11337"}],"version-history":[{"count":1,"href":"http:\/\/rurallascolonias.com.ar\/index.php?rest_route=\/wp\/v2\/posts\/11337\/revisions"}],"predecessor-version":[{"id":11338,"href":"http:\/\/rurallascolonias.com.ar\/index.php?rest_route=\/wp\/v2\/posts\/11337\/revisions\/11338"}],"wp:attachment":[{"href":"http:\/\/rurallascolonias.com.ar\/index.php?rest_route=%2Fwp%2Fv2%2Fmedia&parent=11337"}],"wp:term":[{"taxonomy":"category","embeddable":true,"href":"http:\/\/rurallascolonias.com.ar\/index.php?rest_route=%2Fwp%2Fv2%2Fcategories&post=11337"},{"taxonomy":"post_tag","embeddable":true,"href":"http:\/\/rurallascolonias.com.ar\/index.php?rest_route=%2Fwp%2Fv2%2Ftags&post=11337"}],"curies":[{"name":"wp","href":"https:\/\/api.w.org\/{rel}","templated":true}]}}