{"id":11261,"date":"2016-07-08T10:53:58","date_gmt":"2016-07-08T10:53:58","guid":{"rendered":"http:\/\/rurallascolonias.com.ar\/?p=11261"},"modified":"2016-07-08T11:56:44","modified_gmt":"2016-07-08T11:56:44","slug":"comunicado-tras-la-reunion-convocada-por-la-subsecretaria-de-lecheria","status":"publish","type":"post","link":"http:\/\/rurallascolonias.com.ar\/?p=11261","title":{"rendered":"Comunicado tras la reuni\u00f3n convocada por la Subsecretar\u00eda de Lecher\u00eda"},"content":{"rendered":"<p><em><strong><a href=\"http:\/\/rurallascolonias.com.ar\/?attachment_id=11262\" rel=\"attachment wp-att-11262\"><img loading=\"lazy\" class=\"aligncenter size-full wp-image-11262\" src=\"http:\/\/rurallascolonias.com.ar\/wp-content\/uploads\/2016\/07\/leche-2.jpg\" alt=\"leche 2\" width=\"230\" height=\"219\" \/><\/a>Tamberos en crisis terminal<\/strong><\/em><!--more--><\/p>\n<p>Esta tarde las entidades representativas del sector tambero que figuran al pie hemos asistido a la reuni\u00f3n convocada por la Subsecretar\u00eda de lecher\u00eda con la presencia del secretario de Agricultura y el subsecretario de Lecher\u00eda, junto al ministro de Agroindustria de la provincia de Buenos Aires entre otras autoridades nacionales y provinciales del sector. De la reuni\u00f3n tambi\u00e9n participaron todos los representes de las entidades industriales.<br \/>\nEn dicha reuni\u00f3n hemos solicitado una inmediata recomposici\u00f3n del precio de leche cruda consistente en un aporte de $1,50 por litro de leche durante seis meses sobre la base de los $4,50 que la industria manifiesta pagar en el presente mes.<br \/>\nNuestro pedido se basa en el hecho de que el Gobierno nacional debe priorizar como raz\u00f3n de Estado la supervivencia del sector productivo lechero argentino que est\u00e1 en franco quebranto como es de p\u00fablico conocimiento. La cadena l\u00e1ctea nacional vive una completa distorsi\u00f3n que perjudica desde hace a\u00f1os \u00fanicamente al productor tambero, y que se ha agudizado en los \u00faltimos seis meses, mientras otros eslabones son los grandes beneficiados de una renta que no comparten.<br \/>\nAsimismo hemos manifestado que a los fines de seguir trabajando en los ejes estructurales del sector es necesario garantizar la permanencia de los tambos en la actividad y para ello nos convocamos en un cuarto intermedio solicit\u00e1ndole al Gobierno que nos responda de forma urgente.<br \/>\nDe no tomar los recaudos necesarios ser\u00e1n los responsables del caos social que se producir\u00e1 en el interior productivo.<br \/>\nConfederaciones Rurales Argentinas, Federaci\u00f3n Agraria Argentina, Asociaci\u00f3n de Productores de Leche, Orde\u00f1adores y tractoristas de la Cuenca Lechera Central, Asociaci\u00f3n de Productores de Leche de la Rep\u00fablica Argentina, C\u00e1mara de Productores de Leche de C\u00f3rdoba, C\u00e1mara Pampeana de Productores de Leche, Mesa de Productores de Leche de Santa Fe, C\u00e1mara Lechera Abasto Sur, C\u00e1mara Lechera Abasto Norte, Cuenca Mar y Sierras y C\u00e1mara de Productores de Cuenca Oeste.<\/p>\n","protected":false},"excerpt":{"rendered":"<p>Tamberos en crisis terminal<\/p>\n","protected":false},"author":5,"featured_media":0,"comment_status":"open","ping_status":"open","sticky":false,"template":"","format":"standard","meta":[],"categories":[33],"tags":[1826,12,74,3042],"_links":{"self":[{"href":"http:\/\/rurallascolonias.com.ar\/index.php?rest_route=\/wp\/v2\/posts\/11261"}],"collection":[{"href":"http:\/\/rurallascolonias.com.ar\/index.php?rest_route=\/wp\/v2\/posts"}],"about":[{"href":"http:\/\/rurallascolonias.com.ar\/index.php?rest_route=\/wp\/v2\/types\/post"}],"author":[{"embeddable":true,"href":"http:\/\/rurallascolonias.com.ar\/index.php?rest_route=\/wp\/v2\/users\/5"}],"replies":[{"embeddable":true,"href":"http:\/\/rurallascolonias.com.ar\/index.php?rest_route=%2Fwp%2Fv2%2Fcomments&post=11261"}],"version-history":[{"count":1,"href":"http:\/\/rurallascolonias.com.ar\/index.php?rest_route=\/wp\/v2\/posts\/11261\/revisions"}],"predecessor-version":[{"id":11263,"href":"http:\/\/rurallascolonias.com.ar\/index.php?rest_route=\/wp\/v2\/posts\/11261\/revisions\/11263"}],"wp:attachment":[{"href":"http:\/\/rurallascolonias.com.ar\/index.php?rest_route=%2Fwp%2Fv2%2Fmedia&parent=11261"}],"wp:term":[{"taxonomy":"category","embeddable":true,"href":"http:\/\/rurallascolonias.com.ar\/index.php?rest_route=%2Fwp%2Fv2%2Fcategories&post=11261"},{"taxonomy":"post_tag","embeddable":true,"href":"http:\/\/rurallascolonias.com.ar\/index.php?rest_route=%2Fwp%2Fv2%2Ftags&post=11261"}],"curies":[{"name":"wp","href":"https:\/\/api.w.org\/{rel}","templated":true}]}}