{"id":11250,"date":"2016-07-07T10:54:16","date_gmt":"2016-07-07T10:54:16","guid":{"rendered":"http:\/\/rurallascolonias.com.ar\/?p=11250"},"modified":"2016-07-07T15:57:45","modified_gmt":"2016-07-07T15:57:45","slug":"las-lluvias-generan-complicaciones-y-obligan-a-nuevos-replanteos-en-el-centro-norte-de-santa-fe","status":"publish","type":"post","link":"http:\/\/rurallascolonias.com.ar\/?p=11250","title":{"rendered":"Las lluvias generan complicaciones y obligan a nuevos replanteos en el centro norte de Santa Fe"},"content":{"rendered":"<h2><em><a href=\"http:\/\/rurallascolonias.com.ar\/?attachment_id=8827\" rel=\"attachment wp-att-8827\"><img loading=\"lazy\" class=\"aligncenter size-full wp-image-8827\" src=\"http:\/\/rurallascolonias.com.ar\/wp-content\/uploads\/2015\/11\/lluvias.jpg\" alt=\"lluvias\" width=\"270\" height=\"186\" \/><\/a>La Bolsa de Comercio de Santa Fe advirti\u00f3 que las condiciones clim\u00e1ticas incidir\u00e1n en un decrecimiento en la intenci\u00f3n de siembra de trigo de ciclos cortos\u00a0<\/em><\/h2>\n<p><!--more--><\/p>\n<p>Segunda semana consecutiva con inestabilidad clim\u00e1tica, precipitaciones, ambiente muy h\u00famedo, lloviznas, d\u00edas nublados con escasas a nulas horas de sol, en toda el \u00e1rea, sumando escenarios a los se observaron no hace mucho tiempo. Estas condiciones condicionaron las actividades, paralizando en su totalidad los procesos de cosecha y siembra.<\/p>\n<p>Esta realidad afrontada por los productores y el sector agropecuario, suma complicaciones y nuevos replanteos, planificaciones y\/o cambios de opciones (otro cultivo). Este contexto incidir\u00e1 directamente en un decrecimiento en la intenci\u00f3n de siembra de fina (trigo) de ciclos cortos de esta campa\u00f1a, ante las estimaciones y expectativas realizadas a comienzo de la misma.<\/p>\n<p>A medida que pasaron los d\u00edas se acerc\u00f3 el fin del per\u00edodo \u00f3ptimo de siembra y al no poder concretarse porque las condiciones en los escenarios fueron desfavorables (encharcamientos, suelos saturados a sobresaturados), se plantearon posibilidades de remplazarlo por cultivos de ma\u00edz y girasol para esta nueva campa\u00f1a.<\/p>\n<p>Se remarca que los recursos naturales (suelo, agua y flora) siguen teniendo un rol cada vez m\u00e1s importante y de significado en las campa\u00f1as de cosecha fina 2016 y cosecha gruesa 2016\/2017, siendo de peso en las definiciones de los productores.<\/p>\n<p><strong>TRIGO<\/strong><\/p>\n<p>El proceso de siembra del trigo continu\u00f3 interrumpido por las condiciones ambientales de la semana comprendida entre el 29 de junio y el 5 de julio de 2016. Se hab\u00eda logrado un avance del 40% sobre la intenci\u00f3n de siembra de esta campa\u00f1a, lo que representa unas 126.000 hect\u00e1reas sembradas.<\/p>\n<p>La siembra solamente se pudo concretar en posiciones topogr\u00e1ficas de lomas altas y medias y en pendientes altas y medias, las cuales permitieron que los cultivares implantados presentara una buena a muy buena germinaci\u00f3n, en pleno desarrollo y sin problemas en este per\u00edodo h\u00famedo.<\/p>\n<p><strong>MA\u00cdZ TARDIO<\/strong><\/p>\n<p>El proceso de cosecha estuvo paralizado por las condiciones clim\u00e1ticas. Hab\u00eda experimentado un progreso del orden del 28%, es decir unas 24.570 hect\u00e1reas, con un 22% de retraso interanual.<br \/>\nSe recuerda que los rendimientos promedio obtenidos en la semana fluctuaron entre los 65 y 85 qq\/Ha, con un m\u00e1ximo de 95 qq\/Ha, en algunos lotes puntuales.<\/p>\n<p>Para el final de la campa\u00f1a, se estim\u00f3 un rendimiento promedio de 82 a 85 qq\/ha.<\/p>\n<p><strong>Fuente: Nuestro Agro \/ BCSF<\/strong><\/p>\n","protected":false},"excerpt":{"rendered":"<p>La Bolsa de Comercio de Santa Fe advirti\u00f3 que las condiciones clim\u00e1ticas incidir\u00e1n en un decrecimiento en la intenci\u00f3n de siembra de trigo de ciclos cortos\u00a0<\/p>\n","protected":false},"author":5,"featured_media":0,"comment_status":"open","ping_status":"open","sticky":false,"template":"","format":"standard","meta":[],"categories":[40],"tags":[838,431,19,3041],"_links":{"self":[{"href":"http:\/\/rurallascolonias.com.ar\/index.php?rest_route=\/wp\/v2\/posts\/11250"}],"collection":[{"href":"http:\/\/rurallascolonias.com.ar\/index.php?rest_route=\/wp\/v2\/posts"}],"about":[{"href":"http:\/\/rurallascolonias.com.ar\/index.php?rest_route=\/wp\/v2\/types\/post"}],"author":[{"embeddable":true,"href":"http:\/\/rurallascolonias.com.ar\/index.php?rest_route=\/wp\/v2\/users\/5"}],"replies":[{"embeddable":true,"href":"http:\/\/rurallascolonias.com.ar\/index.php?rest_route=%2Fwp%2Fv2%2Fcomments&post=11250"}],"version-history":[{"count":1,"href":"http:\/\/rurallascolonias.com.ar\/index.php?rest_route=\/wp\/v2\/posts\/11250\/revisions"}],"predecessor-version":[{"id":11251,"href":"http:\/\/rurallascolonias.com.ar\/index.php?rest_route=\/wp\/v2\/posts\/11250\/revisions\/11251"}],"wp:attachment":[{"href":"http:\/\/rurallascolonias.com.ar\/index.php?rest_route=%2Fwp%2Fv2%2Fmedia&parent=11250"}],"wp:term":[{"taxonomy":"category","embeddable":true,"href":"http:\/\/rurallascolonias.com.ar\/index.php?rest_route=%2Fwp%2Fv2%2Fcategories&post=11250"},{"taxonomy":"post_tag","embeddable":true,"href":"http:\/\/rurallascolonias.com.ar\/index.php?rest_route=%2Fwp%2Fv2%2Ftags&post=11250"}],"curies":[{"name":"wp","href":"https:\/\/api.w.org\/{rel}","templated":true}]}}