{"id":11248,"date":"2016-07-07T10:41:55","date_gmt":"2016-07-07T10:41:55","guid":{"rendered":"http:\/\/rurallascolonias.com.ar\/?p=11248"},"modified":"2016-07-07T12:53:46","modified_gmt":"2016-07-07T12:53:46","slug":"compensaciones-todavia-hay-productores-sin-cobrar","status":"publish","type":"post","link":"http:\/\/rurallascolonias.com.ar\/?p=11248","title":{"rendered":"Compensaciones: todav\u00eda hay productores sin cobrar"},"content":{"rendered":"<p><em><strong><a href=\"http:\/\/rurallascolonias.com.ar\/?attachment_id=702\" rel=\"attachment wp-att-702\"><img loading=\"lazy\" class=\"aligncenter size-full wp-image-702\" src=\"http:\/\/rurallascolonias.com.ar\/wp-content\/uploads\/2013\/12\/tambos-salte\u00f1os.jpg\" alt=\"tambos salte\u00f1os\" width=\"259\" height=\"194\" \/><\/a>Desde Lecher\u00eda afirman haber terminado de pagar casi el total de las compensaciones. Reconocen que hay un grupo que no ha recibido las correspondientes al \u00faltimo trimestre de 2015\u00a0<\/strong><\/em><!--more--><\/p>\n<div align=\"justify\">La semana pasada, la <strong>Subsecretar\u00eda de Lecher\u00eda<\/strong> anunciaba el pago de casi la totalidad de las compensaciones por <strong>$1.008.738.654,49,<\/strong> correspondientes a los \u00faltimos tres meses de 2015 y febrero y marzo de 2016.<\/div>\n<div align=\"justify\">\nAs\u00ed mismo, aclaraban que de ese total restaban saldar <strong>$18.428.158,95<\/strong>, pagos que no se pudieron hacer por problemas puntuales con la informaci\u00f3n enviada por las industrias y los productores. De hecho el 28 de junio, a trav\u00e9s de la <a href=\"https:\/\/www.boletinoficial.gob.ar\/#!DetalleNormativa\/1114659\/null\"><strong>Resoluci\u00f3n 165\/2016<\/strong><\/a> correspondiente a la <strong>Secretar\u00eda de Comercio <\/strong>y publicada en el <strong>Bolet\u00edn Oficial<\/strong>, hacen referencia expl\u00edcita a la aprobaci\u00f3n del pago de ese mismo monto y se esperaba que para antes del d\u00eda 30 de junio, se efectivizaran los pagos faltantes.<\/div>\n<div align=\"justify\">\nSin embargo, al d\u00eda de la fecha (6 de julio) algunos productores informaron a esta <em><strong>Redacci\u00f3n<\/strong><\/em>, que todav\u00eda no han cobrado los subsidios correspondientes al \u00faltimo trimestre de 2015 (las compensaciones de febrero y marzo de 2016 s\u00ed las cobraron).<\/div>\n<div align=\"justify\">\nConsultamos con funcionarios de la <strong>Subsecretar\u00eda de Lecher\u00eda<\/strong> sobre este atraso en el pago y nos informaron que efectivamente existe un grupo, que reconocen que es mayor a 350 (ya que en los \u00faltimos d\u00edas han recibido nuevos casos), que a\u00fan no han cobrado parte de los subsidios.<\/div>\n<div align=\"justify\">\nAclararon que en lo referido a los subsidios de octubre, noviembre y diciembre de 2015, el pago corresponde a la <strong>Secretar\u00eda de Comercio <\/strong>(dependiente del <strong>Ministerio de Producci\u00f3n de la Naci\u00f3n<\/strong>), tal cual se evidencia en la <a href=\"https:\/\/www.boletinoficial.gob.ar\/#!DetalleNormativa\/1114659\/null\"><strong>Resoluci\u00f3n 165\/2016 <\/strong><\/a>antes mencionada.<\/div>\n<div align=\"justify\">\nLa demora en el pago a aquellos productores que a\u00fan no han cobrado las compensaciones de 2015, corresponde -seg\u00fan explicaron desde la <strong>Subsecretar\u00eda de Lecher\u00eda<\/strong>&#8211; a demoras administrativas, ya sea porque las industrias l\u00e1cteas tardaron en enviar la informaci\u00f3n de sus remitentes (datos solicitados para que los tamberos puedan acceder a los subsidios) o porque se han presentado cuentas bancarias que no eran las indicadas. \u00ab<em>Cuestiones que entorpecieron el trabajo que hacemos en la Subsecretar\u00eda para corroborar la informaci\u00f3n que nos env\u00edan\u00bb<\/em>, explicaron.<\/div>\n<div align=\"justify\">\nDe esta manera, afirmaron que existe una reserva del presupuesto destinado para el pago de dichas compensaciones adeudadas, pero que est\u00e1n a la espera de que se destraben algunos casos puntuales que demoran la transferencia del dinero de todos los productores que est\u00e1n incluidos en los listados llamados<strong> \u00abAnexos I, II y III\u00bb<\/strong> de la<a href=\"https:\/\/www.boletinoficial.gob.ar\/#!DetalleNormativa\/1114659\/null\"><strong> Resoluci\u00f3n 165\/2016<\/strong><\/a>. <em>\u00abTenemos un grupo de 20 productores que no responden nuestros llamados\u00bb<\/em>, explicaron en forma de descargo a nuestras consultas.<\/div>\n<div align=\"justify\"><\/div>\n<p align=\"justify\"><strong>Redacci\u00f3n Infortambo.com.ar<\/strong><\/p>\n<p>&#8211; See more at: http:\/\/www.infortambo.com\/web\/detalle-base\/Compensaciones-todava-hay-productores-sin-cobrar.cnt\/17303746\/#sthash.LQsDC5aw.dpuf<\/p>\n","protected":false},"excerpt":{"rendered":"<p>Desde Lecher\u00eda afirman haber terminado de pagar casi el total de las compensaciones. Reconocen que hay un grupo que no ha recibido las correspondientes al \u00faltimo trimestre de 2015\u00a0<\/p>\n","protected":false},"author":5,"featured_media":0,"comment_status":"open","ping_status":"open","sticky":false,"template":"","format":"standard","meta":[],"categories":[42],"tags":[1878],"_links":{"self":[{"href":"http:\/\/rurallascolonias.com.ar\/index.php?rest_route=\/wp\/v2\/posts\/11248"}],"collection":[{"href":"http:\/\/rurallascolonias.com.ar\/index.php?rest_route=\/wp\/v2\/posts"}],"about":[{"href":"http:\/\/rurallascolonias.com.ar\/index.php?rest_route=\/wp\/v2\/types\/post"}],"author":[{"embeddable":true,"href":"http:\/\/rurallascolonias.com.ar\/index.php?rest_route=\/wp\/v2\/users\/5"}],"replies":[{"embeddable":true,"href":"http:\/\/rurallascolonias.com.ar\/index.php?rest_route=%2Fwp%2Fv2%2Fcomments&post=11248"}],"version-history":[{"count":1,"href":"http:\/\/rurallascolonias.com.ar\/index.php?rest_route=\/wp\/v2\/posts\/11248\/revisions"}],"predecessor-version":[{"id":11249,"href":"http:\/\/rurallascolonias.com.ar\/index.php?rest_route=\/wp\/v2\/posts\/11248\/revisions\/11249"}],"wp:attachment":[{"href":"http:\/\/rurallascolonias.com.ar\/index.php?rest_route=%2Fwp%2Fv2%2Fmedia&parent=11248"}],"wp:term":[{"taxonomy":"category","embeddable":true,"href":"http:\/\/rurallascolonias.com.ar\/index.php?rest_route=%2Fwp%2Fv2%2Fcategories&post=11248"},{"taxonomy":"post_tag","embeddable":true,"href":"http:\/\/rurallascolonias.com.ar\/index.php?rest_route=%2Fwp%2Fv2%2Ftags&post=11248"}],"curies":[{"name":"wp","href":"https:\/\/api.w.org\/{rel}","templated":true}]}}