{"id":11239,"date":"2016-07-06T10:55:38","date_gmt":"2016-07-06T10:55:38","guid":{"rendered":"http:\/\/rurallascolonias.com.ar\/?p=11239"},"modified":"2016-07-06T13:58:21","modified_gmt":"2016-07-06T13:58:21","slug":"la-nina-una-alerta-amarilla-para-la-campana-gruesa-2016-2017","status":"publish","type":"post","link":"http:\/\/rurallascolonias.com.ar\/?p=11239","title":{"rendered":"La Ni\u00f1a, una alerta amarilla para la campa\u00f1a gruesa 2016-2017"},"content":{"rendered":"<h2><strong><em><a href=\"http:\/\/rurallascolonias.com.ar\/?attachment_id=10132\" rel=\"attachment wp-att-10132\"><img loading=\"lazy\" class=\"aligncenter size-full wp-image-10132\" src=\"http:\/\/rurallascolonias.com.ar\/wp-content\/uploads\/2016\/03\/La-Ni\u00f1a.jpg\" alt=\"La Ni\u00f1a\" width=\"275\" height=\"183\" \/><\/a>El Dr. Jos\u00e9 Luis Aiello, de la Bolsa de Comercio de Rosario, elabor\u00f3 un informe clim\u00e1tico que indica probabilidades de un evento seco en las zonas m\u00e1s importantes de Argentina y el sur de Brasil<\/em><\/strong><\/h2>\n<p><!--more--><\/p>\n<p>El objetivo de este informe es poner la se\u00f1al de alerta en el\u00a0\u00a0tapete, desmistificar una serie de emisiones y art\u00edculos que presentan a los fen\u00f3menos del Pac\u00edfico muy medi\u00e1ticamente, oscureciendo su real importancia, y tambi\u00e9n expresar que hay herramientas disponibles para poder dise\u00f1ar las siembras en la cosecha gruesa.<\/p>\n<p><strong>Una Ni\u00f1a, de la cual no se conoce su intensidad a\u00fan<\/strong><\/p>\n<p>Si bien La Ni\u00f1a podr\u00eda ser de tipo d\u00e9bil o moderada, la mayor \u00abse\u00f1al clim\u00e1tica\u00bb que afecta a la producci\u00f3n agr\u00edcola de Argentina (y sur de Brasil) ya est\u00e1 marcando la tendencia de las lluvias en el per\u00edodo estival. Los modelos num\u00e9ricos que pronostican las fases del ENSO (El Ni\u00f1o, oscilaci\u00f3n del sur) est\u00e1n se\u00f1alando la instalaci\u00f3n de \u201cLa Ni\u00f1a\u201d. La Figura 1, cuya fuente es el IRI (IRI, USA), muestra la probabilidad de aparici\u00f3n de las 3 fases del fen\u00f3meno y es claro ver \u201cLa Ni\u00f1a\u201d tiene una alta probabilidad de ocurrencia. De hecho,\u00a0para el trimestre octubre-noviembre-diciembre del corriente a\u00f1o el valor es del 74 %. Tom\u00e9 dicho trimestre pues es el primero de los que afectar\u00e1n a la cosecha gruesa nacional y \u00abentraremos\u00bb bajo el efecto de una NI\u00d1A, cuyo efecto f\u00edsico es inhibir los flujos de humedad que el pa\u00eds recibe desde Brasil durante el per\u00edodo octubre-marzo (semestre c\u00e1lido). Por ello, la intenci\u00f3n del t\u00edtulo de afirmar: \u201ccosecha gruesa bajo alerta amarilla\u201d.<\/p>\n<p>La f\u00edsica del ENSO es muy complicada y los modelos de predicci\u00f3n de su comportamiento tienen un \u00abskill\u00bb bajo si bien en la \u00faltima d\u00e9cada se ha avanzado mucho en sus resultados, y tenemos que tener presente que LA NI\u00d1A es la fase ENSO menos deseable para el sistema de producci\u00f3n agr\u00edcola en Argentina. A modo de expresar num\u00e9ricamente lo anterior, la Figura 2,\u00a0muestra el pron\u00f3stico de lluvias en parte del sudeste sudamericano para el trimestre octubre-noviembre-diciembre, donde se observan probabilidades altas de transitar un evento seco en las zonas m\u00e1s importantes de Argentina y sur de Brasil.<\/p>\n<p>Hay muchas cuestiones que en definitiva van a definir los reales patrones de lluvia durante el semestre c\u00e1lido y \u00e9stas obedecen a los efectos regionales que aparezcan por\u00a0bloqueos (secos y h\u00famedos), comportamiento del Atl\u00e1ntico, frecuencia e intensidad de sistemas atmosf\u00e9ricos, alteraciones de flujos de humedad, entre otros.Estos no son pronosticables a largo plazo y conforman lo que denominamos volatilidad. Pero en la escala grande, en caso de que La Ni\u00f1a sea moderada \u00abjugar\u00e1\u00bb en contra, y es una se\u00f1al a tener en cuenta.<\/p>\n<p><strong>En la gran escala, el efecto de las dos peores Ni\u00f1as en la Regi\u00f3n Pampeana<\/strong><\/p>\n<p>Cuando vemos lo que ha ocurrido en anteriores eventos NI\u00d1A tomamos en cuenta los impactos negativos en los rendimientos de los cultivos de verano. Los \u00faltimos \u00abrecuerdos\u00bb nos llevan a las campa\u00f1as 1988\/1989 y 2008\/2009 y, a modo de ejemplo, tomamos los an\u00e1lisis que hacemos (Elorriaga, grupo GEA), de\u00a0<strong>c\u00f3mo fue la distribuci\u00f3n de agua \u00fatil en las campa\u00f1as 1988\/1989 y 2008\/2009<\/strong>\u00a0(el lector puede referirse a los rendimientos obtenidos de soja y ma\u00edz en esas campa\u00f1as). El resultado realmente \u00abasusta\u00bb, pero esto no pasa por el miedo, sino por tratar de entender mejor lo que puede ocurrir, sin generar \u00abescenarios cat\u00e1strofes\u00bb, pues como expres\u00e9, al escenario Ni\u00f1a se le acoplan los efectos regionales que pueden amortiguar o incrementar los impactos, de hecho tenemos registradas todas las ni\u00f1as,\u00a0y algunas se han \u00abportado bien\u00bb.<\/p>\n<p><strong>\u00bfC\u00f3mo se comportaron las dos peores Ni\u00f1as en la regi\u00f3n n\u00facleo?<\/strong><\/p>\n<p>La Ni\u00f1a 1998\/99 actu\u00f3 en su forma m\u00e1s severa sobre el 62% de la regi\u00f3n n\u00facleo. En cambio, en la 2008\/09 se ensa\u00f1\u00f3 con en el NE de Buenos Aires, afectando en su mayor grado a un 37% de la zona. En ese evento, la anomal\u00eda en los alrededores de Rosario casi no se sinti\u00f3, y sin embargo, a pocos kil\u00f3metros, desde Maciel hacia el norte hubo un foco de acci\u00f3n reducida, pero tambi\u00e9n de alta intensidad.<\/p>\n<p>Pero para saber esto fue necesario Identificar los eventos ENSO en los \u00faltimos 30 a\u00f1os, y hacer la representaci\u00f3n de la distribuci\u00f3n de agua \u00fatil y su anomal\u00eda, en cada caso. Cuando hay herramientas, o sea una red de estaciones meteorol\u00f3gicas, junto al dise\u00f1o de algoritmos muy pragm\u00e1ticos, se puede tener\u00a0un c\u00e1lculo estad\u00edstico de lluvia para el per\u00edodo cr\u00edtico de necesidades h\u00eddricas en la zona donde el productor sembrar\u00e1.\u00a0Un buen ejemplo de ello, es, como se muestra a continuaci\u00f3n, los desv\u00edos que tuvieron en esa campa\u00f1a las reservas, compar\u00e1ndolas con las estad\u00edsticas de los \u00faltimos 30 a\u00f1os, para el trimestre diciembre-enero-febrero. Esto es muy importante, aparte, porque\u00a0se puede repetir el m\u00e9todo para distintas ventanas de siembra y considerar el riesgo para cada una de ellas. Esto es hacer agricultura de precisi\u00f3n, teniendo en cuenta la variable que m\u00e1s impacta en la producci\u00f3n: el agua.<\/p>\n<p><strong>Fuente: Nuestro Agro \/ BCR<\/strong><\/p>\n","protected":false},"excerpt":{"rendered":"<p>El Dr. Jos\u00e9 Luis Aiello, de la Bolsa de Comercio de Rosario, elabor\u00f3 un informe clim\u00e1tico que indica probabilidades de un evento seco en las zonas m\u00e1s importantes de Argentina y el sur de Brasil<\/p>\n","protected":false},"author":5,"featured_media":0,"comment_status":"open","ping_status":"open","sticky":false,"template":"","format":"standard","meta":[],"categories":[40],"tags":[3038,2250,2717],"_links":{"self":[{"href":"http:\/\/rurallascolonias.com.ar\/index.php?rest_route=\/wp\/v2\/posts\/11239"}],"collection":[{"href":"http:\/\/rurallascolonias.com.ar\/index.php?rest_route=\/wp\/v2\/posts"}],"about":[{"href":"http:\/\/rurallascolonias.com.ar\/index.php?rest_route=\/wp\/v2\/types\/post"}],"author":[{"embeddable":true,"href":"http:\/\/rurallascolonias.com.ar\/index.php?rest_route=\/wp\/v2\/users\/5"}],"replies":[{"embeddable":true,"href":"http:\/\/rurallascolonias.com.ar\/index.php?rest_route=%2Fwp%2Fv2%2Fcomments&post=11239"}],"version-history":[{"count":1,"href":"http:\/\/rurallascolonias.com.ar\/index.php?rest_route=\/wp\/v2\/posts\/11239\/revisions"}],"predecessor-version":[{"id":11240,"href":"http:\/\/rurallascolonias.com.ar\/index.php?rest_route=\/wp\/v2\/posts\/11239\/revisions\/11240"}],"wp:attachment":[{"href":"http:\/\/rurallascolonias.com.ar\/index.php?rest_route=%2Fwp%2Fv2%2Fmedia&parent=11239"}],"wp:term":[{"taxonomy":"category","embeddable":true,"href":"http:\/\/rurallascolonias.com.ar\/index.php?rest_route=%2Fwp%2Fv2%2Fcategories&post=11239"},{"taxonomy":"post_tag","embeddable":true,"href":"http:\/\/rurallascolonias.com.ar\/index.php?rest_route=%2Fwp%2Fv2%2Ftags&post=11239"}],"curies":[{"name":"wp","href":"https:\/\/api.w.org\/{rel}","templated":true}]}}