{"id":11226,"date":"2016-07-05T17:50:27","date_gmt":"2016-07-05T17:50:27","guid":{"rendered":"http:\/\/rurallascolonias.com.ar\/?p=11226"},"modified":"2016-07-05T17:50:27","modified_gmt":"2016-07-05T17:50:27","slug":"se-viene-una-nueva-edicion-de-la-vidriera-genetica","status":"publish","type":"post","link":"http:\/\/rurallascolonias.com.ar\/?p=11226","title":{"rendered":"SE VIENE UNA NUEVA EDICI\u00d3N DE LA VIDRIERA GEN\u00c9TICA"},"content":{"rendered":"<p><em><strong><a href=\"http:\/\/rurallascolonias.com.ar\/?attachment_id=11227\" rel=\"attachment wp-att-11227\"><img loading=\"lazy\" class=\"aligncenter size-full wp-image-11227\" src=\"http:\/\/rurallascolonias.com.ar\/wp-content\/uploads\/2016\/07\/VG16.jpg\" alt=\"VG16\" width=\"793\" height=\"636\" srcset=\"http:\/\/rurallascolonias.com.ar\/wp-content\/uploads\/2016\/07\/VG16.jpg 793w, http:\/\/rurallascolonias.com.ar\/wp-content\/uploads\/2016\/07\/VG16-300x241.jpg 300w, http:\/\/rurallascolonias.com.ar\/wp-content\/uploads\/2016\/07\/VG16-768x616.jpg 768w, http:\/\/rurallascolonias.com.ar\/wp-content\/uploads\/2016\/07\/VG16-600x481.jpg 600w, http:\/\/rurallascolonias.com.ar\/wp-content\/uploads\/2016\/07\/VG16-624x500.jpg 624w\" sizes=\"(max-width: 793px) 100vw, 793px\" \/><\/a>Se realizar\u00e1 los d\u00edas 25 y 26 de agosto con la mejor gen\u00e9tica de la zona y una Jornada T\u00e9cnica en lecher\u00eda de primer nivel<\/strong><\/em><\/p>\n","protected":false},"excerpt":{"rendered":"<p>Se realizar\u00e1 los d\u00edas 25 y 26 de agosto con la mejor gen\u00e9tica de la zona y una Jornada T\u00e9cnica en lecher\u00eda de primer nivel<\/p>\n","protected":false},"author":5,"featured_media":0,"comment_status":"open","ping_status":"open","sticky":false,"template":"","format":"standard","meta":[],"categories":[29],"tags":[857],"_links":{"self":[{"href":"http:\/\/rurallascolonias.com.ar\/index.php?rest_route=\/wp\/v2\/posts\/11226"}],"collection":[{"href":"http:\/\/rurallascolonias.com.ar\/index.php?rest_route=\/wp\/v2\/posts"}],"about":[{"href":"http:\/\/rurallascolonias.com.ar\/index.php?rest_route=\/wp\/v2\/types\/post"}],"author":[{"embeddable":true,"href":"http:\/\/rurallascolonias.com.ar\/index.php?rest_route=\/wp\/v2\/users\/5"}],"replies":[{"embeddable":true,"href":"http:\/\/rurallascolonias.com.ar\/index.php?rest_route=%2Fwp%2Fv2%2Fcomments&post=11226"}],"version-history":[{"count":1,"href":"http:\/\/rurallascolonias.com.ar\/index.php?rest_route=\/wp\/v2\/posts\/11226\/revisions"}],"predecessor-version":[{"id":11228,"href":"http:\/\/rurallascolonias.com.ar\/index.php?rest_route=\/wp\/v2\/posts\/11226\/revisions\/11228"}],"wp:attachment":[{"href":"http:\/\/rurallascolonias.com.ar\/index.php?rest_route=%2Fwp%2Fv2%2Fmedia&parent=11226"}],"wp:term":[{"taxonomy":"category","embeddable":true,"href":"http:\/\/rurallascolonias.com.ar\/index.php?rest_route=%2Fwp%2Fv2%2Fcategories&post=11226"},{"taxonomy":"post_tag","embeddable":true,"href":"http:\/\/rurallascolonias.com.ar\/index.php?rest_route=%2Fwp%2Fv2%2Ftags&post=11226"}],"curies":[{"name":"wp","href":"https:\/\/api.w.org\/{rel}","templated":true}]}}