{"id":11220,"date":"2016-07-05T10:12:48","date_gmt":"2016-07-05T10:12:48","guid":{"rendered":"http:\/\/rurallascolonias.com.ar\/?p=11220"},"modified":"2016-07-05T17:27:52","modified_gmt":"2016-07-05T17:27:52","slug":"queremos-llegar-a-los-33-puntos-que-debe-recibir-el-productor","status":"publish","type":"post","link":"http:\/\/rurallascolonias.com.ar\/?p=11220","title":{"rendered":"\u201cQueremos llegar a los 33 puntos que debe recibir el productor\u201d"},"content":{"rendered":"<p><em><strong><a href=\"http:\/\/rurallascolonias.com.ar\/?attachment_id=11221\" rel=\"attachment wp-att-11221\"><img loading=\"lazy\" class=\"aligncenter size-full wp-image-11221\" src=\"http:\/\/rurallascolonias.com.ar\/wp-content\/uploads\/2016\/07\/SANMARTINO.jpg\" alt=\"SANMARTINO\" width=\"225\" height=\"225\" srcset=\"http:\/\/rurallascolonias.com.ar\/wp-content\/uploads\/2016\/07\/SANMARTINO.jpg 225w, http:\/\/rurallascolonias.com.ar\/wp-content\/uploads\/2016\/07\/SANMARTINO-150x150.jpg 150w\" sizes=\"(max-width: 225px) 100vw, 225px\" \/><\/a>Afirm\u00f3 el Subsecretario de Lecher\u00eda en Rinc\u00f3n Tambero, donde manifest\u00f3 que en los \u00faltimos meses la participaci\u00f3n del productor en el precio final de la leche subi\u00f3. Se refiri\u00f3 a la fijaci\u00f3n de precios<\/strong><\/em><!--more--><\/p>\n<p>\u201cExiste una presunci\u00f3n de que la participaci\u00f3n no mejora\u201d, coment\u00f3 el funcionario en comunicaci\u00f3n con el programa radial de Rinc\u00f3n Tambero en relaci\u00f3n al porcentaje que recibe el productor en el precio final de la leche, \u201cLo cierto es que ha mejorado y se ha levantado desde los 19 puntos que estaba a principios de a\u00f1o, ahora est\u00e1 a 26. El productor comienza a mejorar su participaci\u00f3n final\u201d y r\u00e1pidamente aclar\u00f3: \u201cEl precio al productor subi\u00f3 m\u00e1s proporcionalmente, que los aumentos en las g\u00f3ndolas del supermercado\u201d.<\/p>\n<p>\u201cTodav\u00eda tenemos un largo camino por recorrer, porque queremos llegar a los 33 puntos que debe recibir el productor\u201d, admiti\u00f3 el Subsecretario de Lecher\u00eda.<\/p>\n<p>Al ser consultado por los conductores del programa \u2013 Ana Badella y Aramis Glauber \u2013 sobre la postura de los funcionarios de Santa Fe que reclaman una Ley que fije los precios de la producci\u00f3n lechera, Sammartino explic\u00f3 que la fijaci\u00f3n de precios y\/o de m\u00e1rgenes, no es un atributo que pueda tomar el Gobierno y lo establece la Constituci\u00f3n, \u201cestamos hablando de que nosotros no podemos intervenir en la libertad de comercio. Aclarado esto, reitero que estamos trabajando en an\u00e1lisis de los abusos de poder en la cartelizaci\u00f3n, entendiendo de que s\u00ed hay distorsi\u00f3n en la cadena y si el Estado tiene que intervenir no va a mirar para otro lado\u201d, reconoci\u00f3 el funcionario.<\/p>\n<p>\u201cPor ahora lo que procuramos es que haya competencia, velando porque la participaci\u00f3n en el precio por parte del productor sea la que corresponda, pero reiteramos que no estamos sobre los m\u00e1rgenes, y s\u00ed estamos desde el Gobierno intentando fijar transparencia y justicia en ese sentido\u201d.<\/p>\n<p>\u201cDicho esto\u201d, aclar\u00f3 Sammartino: \u201cReconocemos que hay mucho por hacer en t\u00e9rminos de juntar informaci\u00f3n, recopilar estad\u00edsticas, discutirlas y hacerlas p\u00fablica. Yo creo que los marcos legales de una Ley son buenos, siempre que se tenga en claro cu\u00e1l es el camino. Nosotros estamos trabajando en diferentes programas en este sentido, como con el Observatorio L\u00e1cteo, por ejemplo\u201d.<\/p>\n<p>Tambi\u00e9n Sammartino se refiri\u00f3 al constante interrogante sobre por qu\u00e9 no sientan en la misma mesa a dialogar a todos los sectores, incluido (sobre todo), la comercializaci\u00f3n. Al respecto el Subsecretario de Lecher\u00eda, respondi\u00f3 que el Ministro de Agroindustria, Ricardo Buryaile, pretende hacer esa reuni\u00f3n, \u201cpero consideramos que en t\u00e9rminos pr\u00e1cticos no sirve de mucho\u201d, asegur\u00f3 Sammartino, \u201cSirve para la catarsis\u201d, aclar\u00f3, \u201cpero cuando hablamos de comercializaci\u00f3n, nos encontramos con que el sistema de comercializaci\u00f3n en Argentina tiene distintos canales, est\u00e1n los mayoristas, los hipermercados. Ese sector est\u00e1 muy atomizado. Cuando se habla de que ese sector est\u00e1 monopolizado, en realidad no es tan as\u00ed, no hay ninguna cadena que ostente una gran participaci\u00f3n como se pretende instalar\u201d.<\/p>\n<p>\u201cCuando se habla de comercializaci\u00f3n se habla como si fuera una sola figura y en realidad son muchos los actores que participan en este sector, te encontras con realidades totalmente distintas. Entendemos la necesidad de sentar en la mesa a todos, estamos institucionalizando la producci\u00f3n e industria y si tenemos que convocar a la comercializaci\u00f3n \u2013 que lo estamos haciendo para recolectar informaci\u00f3n \u2013 lo vamos a hacer, lo que me parece es que est\u00e1 bueno para la foto, para el acto pol\u00edtico, pero en la pr\u00e1ctica no significa de mucha utilidad\u201d, determin\u00f3 Sammartino.<\/p>\n<p>http:\/\/www.infortambo.com<\/p>\n","protected":false},"excerpt":{"rendered":"<p>Afirm\u00f3 el Subsecretario de Lecher\u00eda en Rinc\u00f3n Tambero, donde manifest\u00f3 que en los \u00faltimos meses la participaci\u00f3n del productor en el precio final de la leche subi\u00f3. Se refiri\u00f3 a la fijaci\u00f3n de precios<\/p>\n","protected":false},"author":5,"featured_media":0,"comment_status":"open","ping_status":"open","sticky":false,"template":"","format":"standard","meta":[],"categories":[46],"tags":[65,3037],"_links":{"self":[{"href":"http:\/\/rurallascolonias.com.ar\/index.php?rest_route=\/wp\/v2\/posts\/11220"}],"collection":[{"href":"http:\/\/rurallascolonias.com.ar\/index.php?rest_route=\/wp\/v2\/posts"}],"about":[{"href":"http:\/\/rurallascolonias.com.ar\/index.php?rest_route=\/wp\/v2\/types\/post"}],"author":[{"embeddable":true,"href":"http:\/\/rurallascolonias.com.ar\/index.php?rest_route=\/wp\/v2\/users\/5"}],"replies":[{"embeddable":true,"href":"http:\/\/rurallascolonias.com.ar\/index.php?rest_route=%2Fwp%2Fv2%2Fcomments&post=11220"}],"version-history":[{"count":1,"href":"http:\/\/rurallascolonias.com.ar\/index.php?rest_route=\/wp\/v2\/posts\/11220\/revisions"}],"predecessor-version":[{"id":11222,"href":"http:\/\/rurallascolonias.com.ar\/index.php?rest_route=\/wp\/v2\/posts\/11220\/revisions\/11222"}],"wp:attachment":[{"href":"http:\/\/rurallascolonias.com.ar\/index.php?rest_route=%2Fwp%2Fv2%2Fmedia&parent=11220"}],"wp:term":[{"taxonomy":"category","embeddable":true,"href":"http:\/\/rurallascolonias.com.ar\/index.php?rest_route=%2Fwp%2Fv2%2Fcategories&post=11220"},{"taxonomy":"post_tag","embeddable":true,"href":"http:\/\/rurallascolonias.com.ar\/index.php?rest_route=%2Fwp%2Fv2%2Ftags&post=11220"}],"curies":[{"name":"wp","href":"https:\/\/api.w.org\/{rel}","templated":true}]}}