{"id":11215,"date":"2016-07-04T16:38:00","date_gmt":"2016-07-04T16:38:00","guid":{"rendered":"http:\/\/rurallascolonias.com.ar\/?p=11215"},"modified":"2016-07-04T16:38:00","modified_gmt":"2016-07-04T16:38:00","slug":"ledri-queremos-acortar-la-brecha-entre-la-ciudad-y-el-campo","status":"publish","type":"post","link":"http:\/\/rurallascolonias.com.ar\/?p=11215","title":{"rendered":"Ledri: \u00abQueremos acortar la brecha entre la ciudad y el campo\u00bb"},"content":{"rendered":"<p><strong><em><a href=\"http:\/\/rurallascolonias.com.ar\/?attachment_id=11216\" rel=\"attachment wp-att-11216\"><img loading=\"lazy\" class=\"aligncenter size-full wp-image-11216\" src=\"http:\/\/rurallascolonias.com.ar\/wp-content\/uploads\/2016\/07\/LEDRI.jpg\" alt=\"LEDRI\" width=\"250\" height=\"190\" \/><\/a>El titular de Ateneos Carsfe entendi\u00f3 que el trabajo de los j\u00f3venes puede servir para acortar esa distancia y que tienen el equipo para producir el cambio. Luis Ledri, presidente de la agrupaci\u00f3n de atene\u00edstas de la provincia de Santa Fe, particip\u00f3 de una nueva reuni\u00f3n de Ateneos del pa\u00eds, nucleados en CRA<\/em><\/strong><!--more--><\/p>\n<p>&nbsp;<\/p>\n<p>\u201cLa red de Ateneos CRA tiene una red muy grande que trabaja por Confederaci\u00f3n, llega a las bases y permite que las bases trabajen de manera organizada\u201d dijo Ledri al equipo de prensa de CRA.<\/p>\n<p>&nbsp;<\/p>\n<p>\u201cUno de los desaf\u00edos que tenemos es foguear a los ateneos y hacerlos sentir parte de los ateneos CRA\u201d dijo el dirigente juvenil quien reconoci\u00f3 que uno de los desaf\u00edos es \u201cacortar esa brecha que hay entre la ciudad y el campo, creo que los j\u00f3venes tenemos las herramientas como para saber llegar\u201d.<\/p>\n","protected":false},"excerpt":{"rendered":"<p>El titular de Ateneos Carsfe entendi\u00f3 que el trabajo de los j\u00f3venes puede servir para acortar esa distancia y que tienen el equipo para producir el cambio. Luis Ledri, presidente de la agrupaci\u00f3n de atene\u00edstas de la provincia de Santa Fe, particip\u00f3 de una nueva reuni\u00f3n de Ateneos del pa\u00eds, nucleados en CRA<\/p>\n","protected":false},"author":5,"featured_media":0,"comment_status":"open","ping_status":"open","sticky":false,"template":"","format":"standard","meta":[],"categories":[14],"tags":[3035,3034],"_links":{"self":[{"href":"http:\/\/rurallascolonias.com.ar\/index.php?rest_route=\/wp\/v2\/posts\/11215"}],"collection":[{"href":"http:\/\/rurallascolonias.com.ar\/index.php?rest_route=\/wp\/v2\/posts"}],"about":[{"href":"http:\/\/rurallascolonias.com.ar\/index.php?rest_route=\/wp\/v2\/types\/post"}],"author":[{"embeddable":true,"href":"http:\/\/rurallascolonias.com.ar\/index.php?rest_route=\/wp\/v2\/users\/5"}],"replies":[{"embeddable":true,"href":"http:\/\/rurallascolonias.com.ar\/index.php?rest_route=%2Fwp%2Fv2%2Fcomments&post=11215"}],"version-history":[{"count":1,"href":"http:\/\/rurallascolonias.com.ar\/index.php?rest_route=\/wp\/v2\/posts\/11215\/revisions"}],"predecessor-version":[{"id":11217,"href":"http:\/\/rurallascolonias.com.ar\/index.php?rest_route=\/wp\/v2\/posts\/11215\/revisions\/11217"}],"wp:attachment":[{"href":"http:\/\/rurallascolonias.com.ar\/index.php?rest_route=%2Fwp%2Fv2%2Fmedia&parent=11215"}],"wp:term":[{"taxonomy":"category","embeddable":true,"href":"http:\/\/rurallascolonias.com.ar\/index.php?rest_route=%2Fwp%2Fv2%2Fcategories&post=11215"},{"taxonomy":"post_tag","embeddable":true,"href":"http:\/\/rurallascolonias.com.ar\/index.php?rest_route=%2Fwp%2Fv2%2Ftags&post=11215"}],"curies":[{"name":"wp","href":"https:\/\/api.w.org\/{rel}","templated":true}]}}