{"id":11197,"date":"2016-07-04T12:17:09","date_gmt":"2016-07-04T12:17:09","guid":{"rendered":"http:\/\/rurallascolonias.com.ar\/?p=11197"},"modified":"2016-07-04T12:17:09","modified_gmt":"2016-07-04T12:17:09","slug":"acuerdo-lacteo-y-ley-con-un-buen-impulso-desde-senadores","status":"publish","type":"post","link":"http:\/\/rurallascolonias.com.ar\/?p=11197","title":{"rendered":"Acuerdo L\u00e1cteo y Ley con un buen impulso desde Senadores"},"content":{"rendered":"<p><strong><em><a href=\"http:\/\/rurallascolonias.com.ar\/?attachment_id=2762\" rel=\"attachment wp-att-2762\"><img loading=\"lazy\" class=\"aligncenter size-full wp-image-2762\" src=\"http:\/\/rurallascolonias.com.ar\/wp-content\/uploads\/2014\/06\/acuerdo-l\u00e1cteo.jpg\" alt=\"acuerdo l\u00e1cteo\" width=\"320\" height=\"136\" srcset=\"http:\/\/rurallascolonias.com.ar\/wp-content\/uploads\/2014\/06\/acuerdo-l\u00e1cteo.jpg 320w, http:\/\/rurallascolonias.com.ar\/wp-content\/uploads\/2014\/06\/acuerdo-l\u00e1cteo-300x127.jpg 300w\" sizes=\"(max-width: 320px) 100vw, 320px\" \/><\/a>Santa Fe sigue convencida en cuanto al ordenamiento lechero<\/em><\/strong><!--more--><\/p>\n<p>La lecher\u00eda en Santa Fe recorre una senda propia. La intenci\u00f3n de ordenamiento, de estructuraci\u00f3n, de independencia respecto a la falta de respuesta de cualquiera de las administraciones nacionales tuvo altibajos pero ahora abarca varios frentes.<br \/>\nSon muchos los que t\u00e9cnicamente vienen pensando en esto y lentamente entre los propios tamberos hay cada vez m\u00e1s conciencia de la necesidad de legislar sobre el tema, son los productores los que entienden que en la completa desidia y con la desprotecci\u00f3n de siempre no es posible afianzarse.<br \/>\nFue ayer que la C\u00e1mara de Senadores de la Provincia le dio media sanci\u00f3n a la Ley Lechera que promovi\u00f3 el bloque de senadores justicialistas, impulsada por Alcides Calvo y Rub\u00e9n Pirola donde las certezas para el sector son las que se destacan. Tuvo aprobaci\u00f3n por unanimidad en la C\u00e1mara Alta despu\u00e9s de un trabajo en la Comisi\u00f3n de Presupuesto y Hacienda y ahora quedar\u00e1 en manos de Diputados su finalizaci\u00f3n, en el sentido de analizarla e intentar sacarla de la manera m\u00e1s completa posible para el beneficio de tamberos e industriales.<br \/>\nLa norma propone en su texto una exenci\u00f3n de Ingresos Brutos, que alcanzar\u00e1 a las industrias l\u00e1cteas \u00fanicamente si sus compras de materia prima fueran realizadas en el marco de lo que se conoce como acuerdo l\u00e1cteo. Adem\u00e1s, alude a la conformaci\u00f3n de una mesa de concertaci\u00f3n para la determinaci\u00f3n del precio de referencia de la materia prima; crear un registro del sector l\u00e1cteo; la publicaci\u00f3n obligatoria de precios de referencia; la informaci\u00f3n de productividad por tambo y precios pagados desde las industrias y la promoci\u00f3n de beneficios financieros.<br \/>\nDe esta manera es que la Ley propone ligarse con la tarea que vienen desarrollando entidades tamberas con el Ministerio de la Producci\u00f3n provincial.<br \/>\nPor este motivo, en la ma\u00f1ana del mi\u00e9rcoles se llev\u00f3 a cabo una reuni\u00f3n en la ciudad de Santa Fe, para relevar los aspectos m\u00e1s fundamentales del Acuerdo L\u00e1cteo, esta estructura central para la actividad donde a\u00fan faltan avances en cuanto a obligatoriedades, para que los derechos se puedan cumplir de manera m\u00e1s concreta.<br \/>\nCon la presencia de representantes de la Confederaci\u00f3n de Asociaciones Rurales de Santa Fe, la Mesa de Productores de Leche de Santa Fe, Federaci\u00f3n Agraria Argentina y Coninagro, adem\u00e1s de Apymel, junto a los senadores Calvo, Pirola y Felipe Michlig, la diputada In\u00e9s Bertero, se debati\u00f3 con los integrantes de la Secretar\u00eda de Lecher\u00eda de Santa Fe temas muy ligados a la importancia del precio de la leche.<br \/>\nSin tirar cifras al aire porque s\u00ed, se fue m\u00e1s all\u00e1 en este tema, hablando sobre la importancia de tener precios ciertos y que figuren en los contratos.<br \/>\nAnte un estudio que se est\u00e1 elaborando para investigar todos los aspectos legales que se ligan a esto y as\u00ed allanar el espacio dentro de la legalidad propuesta por nuestro territorio, hecho que est\u00e1 lejano en el \u00e1mbito nacional, aunque se intente exponer como un cambio de consideraci\u00f3n a la publicaci\u00f3n dentro de un tiempo del Balance L\u00e1cteo, como \u00fanica herramienta al momento expuesta para no desbalancear m\u00e1s al sector, sin indicios de concertaci\u00f3n con el sector comercial.<br \/>\nSer\u00e1 as\u00ed que nuestra Provincia madure la utilizaci\u00f3n de los contratos que ya tiene listos la Bolsa de Comercio de Rosario como elemento fundamental de formalizaci\u00f3n del intercambio de una materia prima, por dinero y con precios concretos y en los plazos que las partes as\u00ed lo consideren. Este fue un tema clave de la reuni\u00f3n del mi\u00e9rcoles, de la \u201cobligatoriedad\u201d de uso e inscripci\u00f3n de cifras en los papeles depender\u00e1 el \u00e9xito de un sistema absolutamente probado en el mundo y que permite que no se desplomen tantas explotaciones como pasa en estos tiempos ac\u00e1. De esta manera tambi\u00e9n se abre la posibilidad de generar m\u00e1s espacio para la comercializadora en conjunto de leche y as\u00ed negociar de mejor manera en favor de la producci\u00f3n, lo cual ser\u00e1 un hecho in\u00e9dito.<\/p>\n<p>\u00bfY el Bono?<\/p>\n<p>Como adelantaba d\u00edas atr\u00e1s CASTELLANOS sigue el trabajo sobre la posibilidad de tomar deuda externa para ayudar de manera directa al sector productivo, sigue estando muy en forma. Seg\u00fan pudimos conocer ser\u00e1 en algo m\u00e1s de una semana que se cumpla un nuevo encuentro de entidades, para ya plantear el relevamiento sobre n\u00fameros y necesidades concretas, para as\u00ed definir cu\u00e1nto dinero se precisa para poner de pie a los tambos y su entorno, luego de tanta crisis acumulada y del fen\u00f3meno clim\u00e1tico que liquid\u00f3 a la actividad. Se relevar\u00e1n los montos y necesidades para que la provincia avance en un Bono Lechero, que pueda complementarse con la bater\u00eda de obras que se vienen prometiendo y est\u00e1n muy ligadas a la infraestructura de caminos, hidr\u00e1ulica y dem\u00e1s.<br \/>\nPara los dirigentes y funcionarios es un tiempo para hacer historia, para tomar decisiones que cambien la realidad de los tambos y de la lecher\u00eda en general, el tema ser\u00e1 apuntar en concreto sobre las necesidades pero tambi\u00e9n sobre los responsables que las lleven a cabo, para no cometer errores de tiempos recientes donde los dineros p\u00fablicos se han ido en proyectos que no han movido la aguja que marca el \u00edndice de actividad en algunos de los segmentos en cuesti\u00f3n.<\/p>\n<p>Convocatoria<\/p>\n<p>Por otra parte, la Subsecretar\u00eda de Lecher\u00eda de la Naci\u00f3n convoca para el pr\u00f3ximo jueves a una reuni\u00f3n sectorial en el Ministerio de Agroindustria donde con las entidades se relevar\u00e1n la situaci\u00f3n actual lechera, los mercados, se relevar\u00e1 el impacto de las compensaciones que se terminaron de pagar esta semana, se dar\u00e1 un detalle de las l\u00edneas crediticias disponibles e incluso se avanzar\u00e1 en cuestiones de estructura en los programas Cambio Rural II Lechero y M\u00e1s Calidad de Leche. En la reuni\u00f3n encabezada por Alejandro Sammartino se dar\u00e1 espacio para cada uno de los convocados a brindar un detalle de temas que consideren de urgencia para que todos los asistentes conozcan.<\/p>\n<p>Elida Thiery<\/p>\n","protected":false},"excerpt":{"rendered":"<p>Santa Fe sigue convencida en cuanto al ordenamiento lechero<\/p>\n","protected":false},"author":5,"featured_media":0,"comment_status":"open","ping_status":"open","sticky":false,"template":"","format":"standard","meta":[],"categories":[1393],"tags":[1027,54,2972],"_links":{"self":[{"href":"http:\/\/rurallascolonias.com.ar\/index.php?rest_route=\/wp\/v2\/posts\/11197"}],"collection":[{"href":"http:\/\/rurallascolonias.com.ar\/index.php?rest_route=\/wp\/v2\/posts"}],"about":[{"href":"http:\/\/rurallascolonias.com.ar\/index.php?rest_route=\/wp\/v2\/types\/post"}],"author":[{"embeddable":true,"href":"http:\/\/rurallascolonias.com.ar\/index.php?rest_route=\/wp\/v2\/users\/5"}],"replies":[{"embeddable":true,"href":"http:\/\/rurallascolonias.com.ar\/index.php?rest_route=%2Fwp%2Fv2%2Fcomments&post=11197"}],"version-history":[{"count":1,"href":"http:\/\/rurallascolonias.com.ar\/index.php?rest_route=\/wp\/v2\/posts\/11197\/revisions"}],"predecessor-version":[{"id":11198,"href":"http:\/\/rurallascolonias.com.ar\/index.php?rest_route=\/wp\/v2\/posts\/11197\/revisions\/11198"}],"wp:attachment":[{"href":"http:\/\/rurallascolonias.com.ar\/index.php?rest_route=%2Fwp%2Fv2%2Fmedia&parent=11197"}],"wp:term":[{"taxonomy":"category","embeddable":true,"href":"http:\/\/rurallascolonias.com.ar\/index.php?rest_route=%2Fwp%2Fv2%2Fcategories&post=11197"},{"taxonomy":"post_tag","embeddable":true,"href":"http:\/\/rurallascolonias.com.ar\/index.php?rest_route=%2Fwp%2Fv2%2Ftags&post=11197"}],"curies":[{"name":"wp","href":"https:\/\/api.w.org\/{rel}","templated":true}]}}