{"id":11187,"date":"2016-07-01T16:23:31","date_gmt":"2016-07-01T16:23:31","guid":{"rendered":"http:\/\/rurallascolonias.com.ar\/?p=11187"},"modified":"2016-07-01T16:23:31","modified_gmt":"2016-07-01T16:23:31","slug":"alerta-se-espera-un-temporal-en-algunas-zonas-productivas","status":"publish","type":"post","link":"http:\/\/rurallascolonias.com.ar\/?p=11187","title":{"rendered":"Alerta: Se espera un temporal en algunas zonas productivas"},"content":{"rendered":"<p><strong><em><a href=\"http:\/\/rurallascolonias.com.ar\/?attachment_id=11188\" rel=\"attachment wp-att-11188\"><img loading=\"lazy\" class=\"aligncenter size-full wp-image-11188\" src=\"http:\/\/rurallascolonias.com.ar\/wp-content\/uploads\/2016\/07\/temporal.jpg\" alt=\"temporal\" width=\"307\" height=\"164\" srcset=\"http:\/\/rurallascolonias.com.ar\/wp-content\/uploads\/2016\/07\/temporal.jpg 307w, http:\/\/rurallascolonias.com.ar\/wp-content\/uploads\/2016\/07\/temporal-300x160.jpg 300w\" sizes=\"(max-width: 307px) 100vw, 307px\" \/><\/a>El norte de la regi\u00f3n pampeana ser\u00e1 una de las zonas m\u00e1s afectadas. Se trata de una fen\u00f3meno inusual para esta \u00e9poca del a\u00f1o<\/em><\/strong><!--more--><\/p>\n<p>Hoy viernes se prev\u00e9 que permanezca en la zona pampeana un sistema de mal tiempo que generar\u00eda varios d\u00edas consecutivos de lluvias y chaparrones aislados con vientos persistente del sector sudeste. En el norte argentino se espera nubosidad variable con ascenso de las temperaturas (podr\u00edan registrarse valores elevados para la \u00e9poca del a\u00f1o), seg\u00fan publica un informe del Instituto de Clima y Agua INTA Castelar reproducido en valorsoja.com.<\/p>\n<p>Ma\u00f1ana s\u00e1bado sobre la zona central del territorio nacional se espera que contin\u00fae el tiempo nuboso y lluvioso con algunos chaparrones. Podr\u00eda presentarse un evento de sudestada en la costa bonaerense. Las precipitaciones se extender\u00e1n progresivamente hacia al oeste del pa\u00eds con abundante nubosidad.<\/p>\n<p>El domingo se prev\u00e9 en toda la zona central del pa\u00eds una intensificaci\u00f3n del sistema de mal tiempo con lluvias y tormentas, algunas de las cuales podr\u00edan ser intensas provocando importantes acumulados de agua ca\u00edda para la \u00e9poca, especialmente sobre el norte de Buenos Aires, sur de Santa Fe y sur de Entre R\u00edos. Podr\u00eda verse dificultada la transitabilidad de los caminos.<\/p>\n<p>Sobre el sur de Cuyo y el norte patag\u00f3nico los vientos rotar\u00e1n al sudeste con probabilidad de lluvias, chaparrones aislados y algunas nevadas sobre zonas cordilleranas. Sobre el NEA y este de NOA se espera aumento de la nubosidad y ascenso de las temperaturas con vientos moderados del sector norte, mientras que en el sector oeste del NOA se prev\u00e9 tiempo inestable con algunas eventuales nevadas dispersas.<\/p>\n<p>El lunes se prev\u00e9 que sigan las precipitaciones y tormentas sobre la regi\u00f3n pampeana con a\u00fan mayores acumulados de agua y r\u00e1fagas. Estas condiciones podr\u00edan afectar las labores agropecuarias en Santa Fe, Entre R\u00edos y el norte de Buenos Aires.<\/p>\n<p>El sistema del mal tiempo lentamente se desplazar\u00eda hacia el norte del pa\u00eds con abundante nubosidad y descenso de las temperaturas. Sobre Cuyo se espera que siga el tiempo inestable con lluvias y chaparrones aislados (podr\u00edan registrarse algunas nevadas en zonas cordilleranas).<\/p>\n<p>El martes a\u00fan permanecer\u00eda el tiempo inestable sobre el centro y este del territorio nacional con algunas tormentas en el NEA. Se esperan vientos moderados del sector sudoeste con marcado descenso de las temperaturas para todo el centro y norte argentino.<\/p>\n<p>Hacia el mi\u00e9rcoles y jueves se prev\u00e9 buena insolaci\u00f3n con marcado descenso de las temperaturas m\u00ednimas para la mayor parte del centro y norte del pa\u00eds.<\/p>\n<p>Fuente: Infocampo<\/p>\n","protected":false},"excerpt":{"rendered":"<p>El norte de la regi\u00f3n pampeana ser\u00e1 una de las zonas m\u00e1s afectadas. Se trata de una fen\u00f3meno inusual para esta \u00e9poca del a\u00f1o<\/p>\n","protected":false},"author":5,"featured_media":0,"comment_status":"open","ping_status":"open","sticky":false,"template":"","format":"standard","meta":[],"categories":[40],"tags":[138,111,3029],"_links":{"self":[{"href":"http:\/\/rurallascolonias.com.ar\/index.php?rest_route=\/wp\/v2\/posts\/11187"}],"collection":[{"href":"http:\/\/rurallascolonias.com.ar\/index.php?rest_route=\/wp\/v2\/posts"}],"about":[{"href":"http:\/\/rurallascolonias.com.ar\/index.php?rest_route=\/wp\/v2\/types\/post"}],"author":[{"embeddable":true,"href":"http:\/\/rurallascolonias.com.ar\/index.php?rest_route=\/wp\/v2\/users\/5"}],"replies":[{"embeddable":true,"href":"http:\/\/rurallascolonias.com.ar\/index.php?rest_route=%2Fwp%2Fv2%2Fcomments&post=11187"}],"version-history":[{"count":1,"href":"http:\/\/rurallascolonias.com.ar\/index.php?rest_route=\/wp\/v2\/posts\/11187\/revisions"}],"predecessor-version":[{"id":11189,"href":"http:\/\/rurallascolonias.com.ar\/index.php?rest_route=\/wp\/v2\/posts\/11187\/revisions\/11189"}],"wp:attachment":[{"href":"http:\/\/rurallascolonias.com.ar\/index.php?rest_route=%2Fwp%2Fv2%2Fmedia&parent=11187"}],"wp:term":[{"taxonomy":"category","embeddable":true,"href":"http:\/\/rurallascolonias.com.ar\/index.php?rest_route=%2Fwp%2Fv2%2Fcategories&post=11187"},{"taxonomy":"post_tag","embeddable":true,"href":"http:\/\/rurallascolonias.com.ar\/index.php?rest_route=%2Fwp%2Fv2%2Ftags&post=11187"}],"curies":[{"name":"wp","href":"https:\/\/api.w.org\/{rel}","templated":true}]}}