{"id":1117,"date":"2014-01-29T10:32:17","date_gmt":"2014-01-29T10:32:17","guid":{"rendered":"http:\/\/rurallascolonias.com.ar\/?p=1117"},"modified":"2014-01-29T10:32:17","modified_gmt":"2014-01-29T10:32:17","slug":"fallecio-el-ex-gobernador-de-la-provincia-jorge-obeid","status":"publish","type":"post","link":"http:\/\/rurallascolonias.com.ar\/?p=1117","title":{"rendered":"FALLECI\u00d3 EL EX GOBERNADOR DE LA PROVINCIA , JORGE OBEID"},"content":{"rendered":"<p><strong><em><a href=\"http:\/\/rurallascolonias.com.ar\/wp-content\/uploads\/2014\/01\/OBEID.jpg\"><img loading=\"lazy\" class=\"alignleft size-full wp-image-1118\" alt=\"OBEID\" src=\"http:\/\/rurallascolonias.com.ar\/wp-content\/uploads\/2014\/01\/OBEID.jpg\" width=\"233\" height=\"156\" \/><\/a>TEN\u00cdA 66 A\u00d1OS<\/em><\/strong><\/p>\n<p>El exgobernador y actual diputado nacional por el FpV, Jorge Alberto Obeid, muri\u00f3 en la tarde de ayer a los 66 a\u00f1os. Padec\u00eda c\u00e1ncer, enfermedad por la que era tratado desde hace tiempo. Sus restos fueron velados en Serca.<!--more--><\/p>\n<p>Alrededor de las 15.45, el exgobernador Jorge Obeid falleci\u00f3 en el sanatorio local donde estaba internado desde la semana pasada.<\/p>\n<p>Ser\u00e1 reemplazado en el Congreso de la Naci\u00f3n por Horacio Seminara, vicerector de la UNR.<\/p>\n<p>Con su muerte, la provincia de Santa Fe y especialmente el justicialismo de ese distrito pierde a uno de los principales dirigentes desde el retorno a la democracia, ya que tuvo una activa participaci\u00f3n desde su juventud.<\/p>\n<p>El primer cargo electivo que ocup\u00f3 fue el de concejal de la ciudad de Santa Fe para el per\u00edodo 1987-1991, tras lo cual se impuso en las elecciones a intendente, funci\u00f3n que ejerci\u00f3 entre los a\u00f1os 1991-1995.<\/p>\n<p>La jefatura comunal fue el paso previo a su primera gobernaci\u00f3n de la provincia, cargo al que accedi\u00f3 al ganar los comicios de 1995 en f\u00f3rmula con Gualberto Venesia.<\/p>\n<p>Al dejar la Casa Gris en 1999 se traslad\u00f3 al Congreso Nacional para ser diputado por su provincia en el per\u00edodo 1999-2003.<br \/>\nLuego, volvi\u00f3 a obtener la gobernaci\u00f3n al ganar las elecciones de 2003, en ese caso acompa\u00f1ado por la arquitecta Mar\u00eda Eugenia Bielsa como vicegobernadora.<\/p>\n<p>Su carrera pol\u00edtica lo llev\u00f3 nuevamente al Congreso, donde volvi\u00f3 a ocupar una banca en la C\u00e1mara de Diputados entre 2007 y 2011 tras encabezar la lista de candidatos del Frente para la Victoria.<\/p>\n<p>Luego de no ocupar cargos p\u00fablicos durante dos a\u00f1os, en 2013 fue el primer candidato a diputado nacional por el FpV, por lo cual jur\u00f3 su tercer mandato como legislador nacional el 10 de diciembre de ese a\u00f1o.<\/p>\n<p>Obeid naci\u00f3 el 24 de noviembre de 1947 en Diamante, provincia de Entre R\u00edos y junto a su esposa Elba In\u00e9s Kemer tuvo cinco hijos.<\/p>\n<p>En la actividad privada fue ingeniero qu\u00edmico, egresado de la Facultad de Ingenier\u00eda Qu\u00edmica de la Universidad Nacional del Litoral, donde fue docente entre 1972 y 1976.<\/p>\n<p>En esa etapa comenz\u00f3 a militar en la Juventud Peronista -de la que fue jefe de la Regional II, cargo al que renunci\u00f3 en 1974- y a ra\u00edz de esa actividad debi\u00f3 exiliarse en Per\u00fa tras el golpe c\u00edvico militar de 1976.<\/p>\n<p>La dictadura lo encarcel\u00f3 durante una visita que intent\u00f3 cumplir a Diamante por motivos familiares, por lo que fue puesto como detenido a disposici\u00f3n del Poder Ejecutivo Nacional.<\/p>\n<p>A nivel partidario ocup\u00f3 diversos cargos, tanto en el Partido Justicialista de su provincia como a nivel nacional.<\/p>\n<p>Adem\u00e1s, durante su gesti\u00f3n al frente del municipio santafesino fue elegido presidente de la Federaci\u00f3n Argentina de Municipios (FAM) (1992-1993), y fue miembro informante de esa entidad en la Comisi\u00f3n de Federalismo de la Convenci\u00f3n Reformadora de la Constituci\u00f3n Nacional de la Rep\u00fablica Argentina (1994).<\/p>\n<p>Se entrevist\u00f3 en varias oportunidades con el l\u00edder cubano Fidel Castro, experiencias que volc\u00f3 en el libro \u00abCuba, Fidel y el peronismo. Mis encuentros con Castro y otros textos\u00bb.<\/p>\n<p>Fuente: lt10<\/p>\n","protected":false},"excerpt":{"rendered":"<p>TEN\u00cdA 66 A\u00d1OS El exgobernador y actual diputado nacional por el FpV, Jorge Alberto Obeid, muri\u00f3 en la tarde de ayer a los 66 a\u00f1os. Padec\u00eda c\u00e1ncer, enfermedad por la que era tratado desde hace tiempo. Sus restos fueron velados en Serca.<\/p>\n","protected":false},"author":5,"featured_media":0,"comment_status":"closed","ping_status":"closed","sticky":false,"template":"","format":"standard","meta":[],"categories":[14],"tags":[93,461],"_links":{"self":[{"href":"http:\/\/rurallascolonias.com.ar\/index.php?rest_route=\/wp\/v2\/posts\/1117"}],"collection":[{"href":"http:\/\/rurallascolonias.com.ar\/index.php?rest_route=\/wp\/v2\/posts"}],"about":[{"href":"http:\/\/rurallascolonias.com.ar\/index.php?rest_route=\/wp\/v2\/types\/post"}],"author":[{"embeddable":true,"href":"http:\/\/rurallascolonias.com.ar\/index.php?rest_route=\/wp\/v2\/users\/5"}],"replies":[{"embeddable":true,"href":"http:\/\/rurallascolonias.com.ar\/index.php?rest_route=%2Fwp%2Fv2%2Fcomments&post=1117"}],"version-history":[{"count":1,"href":"http:\/\/rurallascolonias.com.ar\/index.php?rest_route=\/wp\/v2\/posts\/1117\/revisions"}],"predecessor-version":[{"id":1119,"href":"http:\/\/rurallascolonias.com.ar\/index.php?rest_route=\/wp\/v2\/posts\/1117\/revisions\/1119"}],"wp:attachment":[{"href":"http:\/\/rurallascolonias.com.ar\/index.php?rest_route=%2Fwp%2Fv2%2Fmedia&parent=1117"}],"wp:term":[{"taxonomy":"category","embeddable":true,"href":"http:\/\/rurallascolonias.com.ar\/index.php?rest_route=%2Fwp%2Fv2%2Fcategories&post=1117"},{"taxonomy":"post_tag","embeddable":true,"href":"http:\/\/rurallascolonias.com.ar\/index.php?rest_route=%2Fwp%2Fv2%2Ftags&post=1117"}],"curies":[{"name":"wp","href":"https:\/\/api.w.org\/{rel}","templated":true}]}}