{"id":11156,"date":"2016-06-29T12:02:17","date_gmt":"2016-06-29T12:02:17","guid":{"rendered":"http:\/\/rurallascolonias.com.ar\/?p=11156"},"modified":"2016-06-29T12:02:17","modified_gmt":"2016-06-29T12:02:17","slug":"entre-enero-y-mayo-la-produccion-de-leche-cayo-8-5","status":"publish","type":"post","link":"http:\/\/rurallascolonias.com.ar\/?p=11156","title":{"rendered":"Entre enero y mayo la producci\u00f3n de leche cay\u00f3 8.5%"},"content":{"rendered":"<p><em><strong><a href=\"http:\/\/rurallascolonias.com.ar\/?attachment_id=8941\" rel=\"attachment wp-att-8941\"><img loading=\"lazy\" class=\"aligncenter size-full wp-image-8941\" src=\"http:\/\/rurallascolonias.com.ar\/wp-content\/uploads\/2015\/12\/producci\u00f3n-lechera.jpg\" alt=\"producci\u00f3n lechera\" width=\"337\" height=\"149\" srcset=\"http:\/\/rurallascolonias.com.ar\/wp-content\/uploads\/2015\/12\/producci\u00f3n-lechera.jpg 337w, http:\/\/rurallascolonias.com.ar\/wp-content\/uploads\/2015\/12\/producci\u00f3n-lechera-300x133.jpg 300w\" sizes=\"(max-width: 337px) 100vw, 337px\" \/><\/a>Se destaca a la provincia de Santa Fe como la m\u00e1s afectada, principalmente por las inclemencias del tiempo ocurrida en el per\u00edodo abril-mayo<\/strong><\/em><!--more--><\/p>\n<p>A nivel nacional la baja de producci\u00f3n en este per\u00edodo fue de 16,6%, pero desmenuzada por las provincias, Buenos Aires cay\u00f3 en un 6,7%, C\u00f3rdoba en un 21,3% y Santa Fe en un 28%.<\/p>\n<p>Cada provincia present\u00f3 una inflexi\u00f3n positiva para el mes de mayo sobre abril con lo que genera incertidumbre con respecto a mayores incrementos en el precio de la leche que ya supera los $4\/lt para el mes de junio.<\/p>\n<p>Fuente: TodoAgro<\/p>\n","protected":false},"excerpt":{"rendered":"<p>Se destaca a la provincia de Santa Fe como la m\u00e1s afectada, principalmente por las inclemencias del tiempo ocurrida en el per\u00edodo abril-mayo<\/p>\n","protected":false},"author":5,"featured_media":0,"comment_status":"open","ping_status":"open","sticky":false,"template":"","format":"standard","meta":[],"categories":[46,1393],"tags":[47,3023],"_links":{"self":[{"href":"http:\/\/rurallascolonias.com.ar\/index.php?rest_route=\/wp\/v2\/posts\/11156"}],"collection":[{"href":"http:\/\/rurallascolonias.com.ar\/index.php?rest_route=\/wp\/v2\/posts"}],"about":[{"href":"http:\/\/rurallascolonias.com.ar\/index.php?rest_route=\/wp\/v2\/types\/post"}],"author":[{"embeddable":true,"href":"http:\/\/rurallascolonias.com.ar\/index.php?rest_route=\/wp\/v2\/users\/5"}],"replies":[{"embeddable":true,"href":"http:\/\/rurallascolonias.com.ar\/index.php?rest_route=%2Fwp%2Fv2%2Fcomments&post=11156"}],"version-history":[{"count":1,"href":"http:\/\/rurallascolonias.com.ar\/index.php?rest_route=\/wp\/v2\/posts\/11156\/revisions"}],"predecessor-version":[{"id":11157,"href":"http:\/\/rurallascolonias.com.ar\/index.php?rest_route=\/wp\/v2\/posts\/11156\/revisions\/11157"}],"wp:attachment":[{"href":"http:\/\/rurallascolonias.com.ar\/index.php?rest_route=%2Fwp%2Fv2%2Fmedia&parent=11156"}],"wp:term":[{"taxonomy":"category","embeddable":true,"href":"http:\/\/rurallascolonias.com.ar\/index.php?rest_route=%2Fwp%2Fv2%2Fcategories&post=11156"},{"taxonomy":"post_tag","embeddable":true,"href":"http:\/\/rurallascolonias.com.ar\/index.php?rest_route=%2Fwp%2Fv2%2Ftags&post=11156"}],"curies":[{"name":"wp","href":"https:\/\/api.w.org\/{rel}","templated":true}]}}