{"id":11134,"date":"2016-06-24T18:19:45","date_gmt":"2016-06-24T18:19:45","guid":{"rendered":"http:\/\/rurallascolonias.com.ar\/?p=11134"},"modified":"2016-06-24T18:19:45","modified_gmt":"2016-06-24T18:19:45","slug":"alonso-diserto-en-el-congreso-ganadero-de-rosario","status":"publish","type":"post","link":"http:\/\/rurallascolonias.com.ar\/?p=11134","title":{"rendered":"Alonso disert\u00f3 en el Congreso Ganadero de Rosario"},"content":{"rendered":"<p><em><strong><a href=\"http:\/\/rurallascolonias.com.ar\/?attachment_id=11135\" rel=\"attachment wp-att-11135\"><img loading=\"lazy\" class=\"aligncenter wp-image-11135 size-medium\" src=\"http:\/\/rurallascolonias.com.ar\/wp-content\/uploads\/2016\/06\/congreso-rosario-300x169.jpg\" alt=\"congreso rosario\" width=\"300\" height=\"169\" srcset=\"http:\/\/rurallascolonias.com.ar\/wp-content\/uploads\/2016\/06\/congreso-rosario-300x169.jpg 300w, http:\/\/rurallascolonias.com.ar\/wp-content\/uploads\/2016\/06\/congreso-rosario-768x431.jpg 768w, http:\/\/rurallascolonias.com.ar\/wp-content\/uploads\/2016\/06\/congreso-rosario-1024x575.jpg 1024w, http:\/\/rurallascolonias.com.ar\/wp-content\/uploads\/2016\/06\/congreso-rosario-600x337.jpg 600w, http:\/\/rurallascolonias.com.ar\/wp-content\/uploads\/2016\/06\/congreso-rosario-624x350.jpg 624w, http:\/\/rurallascolonias.com.ar\/wp-content\/uploads\/2016\/06\/congreso-rosario.jpg 1200w\" sizes=\"(max-width: 300px) 100vw, 300px\" \/><\/a>Tras la muy buena experiencia de otros a\u00f1os, este a\u00f1o se realiz\u00f3 en la Bolsa de Comercio de Rosario el Tercer Congreso Ganadero Rosario organizado por la Sociedad Rural de Rosario y su grupo de j\u00f3venes atene\u00edstas. El lema ser\u00e1 \u00abCambios en la Ganader\u00eda para mejores tiempos\u00bb. \u00a0El Presidente de nuestra entidad fue uno de los disertantes en la jornada de ayer\u00a0sobre la \u00abPotencialidad de la Ganader\u00eda Santafecina\u00bb\u00a0<\/strong><\/em><\/p>\n<p><em><strong>\u00a0<\/strong><\/em><\/p>\n","protected":false},"excerpt":{"rendered":"<p>Tras la muy buena experiencia de otros a\u00f1os, este a\u00f1o se realiz\u00f3 en la Bolsa de Comercio de Rosario el Tercer Congreso Ganadero Rosario organizado por la Sociedad Rural de Rosario y su grupo de j\u00f3venes atene\u00edstas. El lema ser\u00e1 \u00abCambios en la Ganader\u00eda para mejores tiempos\u00bb. \u00a0El Presidente de nuestra entidad fue uno de [&hellip;]<\/p>\n","protected":false},"author":5,"featured_media":0,"comment_status":"open","ping_status":"open","sticky":false,"template":"","format":"standard","meta":[],"categories":[1],"tags":[],"_links":{"self":[{"href":"http:\/\/rurallascolonias.com.ar\/index.php?rest_route=\/wp\/v2\/posts\/11134"}],"collection":[{"href":"http:\/\/rurallascolonias.com.ar\/index.php?rest_route=\/wp\/v2\/posts"}],"about":[{"href":"http:\/\/rurallascolonias.com.ar\/index.php?rest_route=\/wp\/v2\/types\/post"}],"author":[{"embeddable":true,"href":"http:\/\/rurallascolonias.com.ar\/index.php?rest_route=\/wp\/v2\/users\/5"}],"replies":[{"embeddable":true,"href":"http:\/\/rurallascolonias.com.ar\/index.php?rest_route=%2Fwp%2Fv2%2Fcomments&post=11134"}],"version-history":[{"count":1,"href":"http:\/\/rurallascolonias.com.ar\/index.php?rest_route=\/wp\/v2\/posts\/11134\/revisions"}],"predecessor-version":[{"id":11136,"href":"http:\/\/rurallascolonias.com.ar\/index.php?rest_route=\/wp\/v2\/posts\/11134\/revisions\/11136"}],"wp:attachment":[{"href":"http:\/\/rurallascolonias.com.ar\/index.php?rest_route=%2Fwp%2Fv2%2Fmedia&parent=11134"}],"wp:term":[{"taxonomy":"category","embeddable":true,"href":"http:\/\/rurallascolonias.com.ar\/index.php?rest_route=%2Fwp%2Fv2%2Fcategories&post=11134"},{"taxonomy":"post_tag","embeddable":true,"href":"http:\/\/rurallascolonias.com.ar\/index.php?rest_route=%2Fwp%2Fv2%2Ftags&post=11134"}],"curies":[{"name":"wp","href":"https:\/\/api.w.org\/{rel}","templated":true}]}}