{"id":11067,"date":"2016-06-15T16:20:46","date_gmt":"2016-06-15T16:20:46","guid":{"rendered":"http:\/\/rurallascolonias.com.ar\/?p=11067"},"modified":"2016-06-15T16:20:46","modified_gmt":"2016-06-15T16:20:46","slug":"la-union-europea-comenzara-a-importar-carnes-frescas-provenientes-del-norte-argentino","status":"publish","type":"post","link":"http:\/\/rurallascolonias.com.ar\/?p=11067","title":{"rendered":"La Uni\u00f3n Europea comenzar\u00e1 a importar carnes frescas provenientes del norte argentino"},"content":{"rendered":"<h2><strong><em><a href=\"http:\/\/rurallascolonias.com.ar\/?attachment_id=11068\" rel=\"attachment wp-att-11068\"><img loading=\"lazy\" class=\"aligncenter wp-image-11068 size-medium\" src=\"http:\/\/rurallascolonias.com.ar\/wp-content\/uploads\/2016\/06\/Buryaile-2-300x184.jpg\" alt=\"Buryaile 2\" width=\"300\" height=\"184\" srcset=\"http:\/\/rurallascolonias.com.ar\/wp-content\/uploads\/2016\/06\/Buryaile-2-300x184.jpg 300w, http:\/\/rurallascolonias.com.ar\/wp-content\/uploads\/2016\/06\/Buryaile-2-600x367.jpg 600w, http:\/\/rurallascolonias.com.ar\/wp-content\/uploads\/2016\/06\/Buryaile-2.jpg 608w\" sizes=\"(max-width: 300px) 100vw, 300px\" \/><\/a>La medida, solicitada por el ministro Ricardo Buryaile, beneficia a las provincias de Salta, Formosa, Chaco y Corrientes. La prohibici\u00f3n para exportar se debi\u00f3 a los focos de fiebre aftosa en los pa\u00edses vecinos<\/em><\/strong><\/h2>\n<p><!--more--><\/p>\n<div>Como lo hab\u00eda adelantado el ministro de Agroindustria de la Naci\u00f3n, Ricardo Buryaile, tras su encuentro en enero con la m\u00e1xima autoridad sanitaria de la Uni\u00f3n Europea (UE), Vytenis Andriukaitis, la Comisi\u00f3n Europea levant\u00f3 finalmente la restricci\u00f3n para exportar desde la zona fronteriza con Paraguay y Bolivia carne fresca bovina, luego de la solicitud del funcionario de la cartera nacional. La UE public\u00f3 en su Bolet\u00edn Oficial del 11 de junio pasado el Reglamento (CE) N\u00b0 2016\/922, que modificaba el Anexo II del Reglamento (CE) N\u00b0 206\/2010, referido a la regionalizaci\u00f3n del territorio argentino, desde el cual se permite la exportaci\u00f3n de carne fresca a los pa\u00edses del bloque.<\/div>\n<div><\/div>\n<div>\u00abEn mi primer viaje a Europa, me reun\u00ed en Bruselas con el Comisario de Salud y Seguridad Alimentaria de la UE, Vytenis Andriukaitis, a quien le manifest\u00e9 la necesidad de que se revisara la prohibici\u00f3n que se manten\u00eda sobre la carne fresca de animales provenientes de la zona fronteriza de nuestro pa\u00eds, pedido que fue bien recibido\u00bb, coment\u00f3 Buryaile al tiempo que se\u00f1al\u00f3: \u00abEsto significa que el mundo vuelve a confiar en nosotros, y que entiende que hay decisi\u00f3n pol\u00edtica y t\u00e9cnica para que la Argentina recupere su lugar en los mercados internacionales\u00bb.<\/div>\n<div><\/div>\n<div>Producto de esta modificaci\u00f3n se habilitar\u00e1 la remisi\u00f3n de bovinos a faena para la exportaci\u00f3n de carnes y productos derivados provenientes de la zona de Argentina lim\u00edtrofe con Bolivia y Paraguay, beneficiando a las provincias de Salta, Formosa, Chaco y Corrientes. Las garant\u00edas que se aplicar\u00e1n son las mismas que est\u00e1n vigentes en otras partes del territorio de nuestro pa\u00eds libres de fiebre aftosa con vacunaci\u00f3n.<\/div>\n<div><\/div>\n<div>Cabe recordar que la prohibici\u00f3n para exportar desde este cord\u00f3n fronterizo se debi\u00f3 a los focos de fiebre aftosa en los pa\u00edses vecinos, situaci\u00f3n que fue revertida con la reapertura del mercado europeo a las carnes de origen paraguayo en 2015.<\/div>\n<p class=\"p1 margin-top\"><strong>Fuente: Nuestro Agro \/ MINAGRI<\/strong><\/p>\n","protected":false},"excerpt":{"rendered":"<p>La medida, solicitada por el ministro Ricardo Buryaile, beneficia a las provincias de Salta, Formosa, Chaco y Corrientes. La prohibici\u00f3n para exportar se debi\u00f3 a los focos de fiebre aftosa en los pa\u00edses vecinos<\/p>\n","protected":false},"author":5,"featured_media":0,"comment_status":"open","ping_status":"open","sticky":false,"template":"","format":"standard","meta":[],"categories":[14],"tags":[3000,302,1370,923],"_links":{"self":[{"href":"http:\/\/rurallascolonias.com.ar\/index.php?rest_route=\/wp\/v2\/posts\/11067"}],"collection":[{"href":"http:\/\/rurallascolonias.com.ar\/index.php?rest_route=\/wp\/v2\/posts"}],"about":[{"href":"http:\/\/rurallascolonias.com.ar\/index.php?rest_route=\/wp\/v2\/types\/post"}],"author":[{"embeddable":true,"href":"http:\/\/rurallascolonias.com.ar\/index.php?rest_route=\/wp\/v2\/users\/5"}],"replies":[{"embeddable":true,"href":"http:\/\/rurallascolonias.com.ar\/index.php?rest_route=%2Fwp%2Fv2%2Fcomments&post=11067"}],"version-history":[{"count":1,"href":"http:\/\/rurallascolonias.com.ar\/index.php?rest_route=\/wp\/v2\/posts\/11067\/revisions"}],"predecessor-version":[{"id":11069,"href":"http:\/\/rurallascolonias.com.ar\/index.php?rest_route=\/wp\/v2\/posts\/11067\/revisions\/11069"}],"wp:attachment":[{"href":"http:\/\/rurallascolonias.com.ar\/index.php?rest_route=%2Fwp%2Fv2%2Fmedia&parent=11067"}],"wp:term":[{"taxonomy":"category","embeddable":true,"href":"http:\/\/rurallascolonias.com.ar\/index.php?rest_route=%2Fwp%2Fv2%2Fcategories&post=11067"},{"taxonomy":"post_tag","embeddable":true,"href":"http:\/\/rurallascolonias.com.ar\/index.php?rest_route=%2Fwp%2Fv2%2Ftags&post=11067"}],"curies":[{"name":"wp","href":"https:\/\/api.w.org\/{rel}","templated":true}]}}