{"id":11048,"date":"2016-06-13T19:20:11","date_gmt":"2016-06-13T19:20:11","guid":{"rendered":"http:\/\/rurallascolonias.com.ar\/?p=11048"},"modified":"2016-06-13T19:20:11","modified_gmt":"2016-06-13T19:20:11","slug":"inundaciones-dirigentes-y-funcionarios-de-la-region-reclaman-celeridad-en-las-respuestas-oficiales","status":"publish","type":"post","link":"http:\/\/rurallascolonias.com.ar\/?p=11048","title":{"rendered":"Inundaciones: dirigentes y funcionarios de la regi\u00f3n reclaman celeridad en las respuestas oficiales"},"content":{"rendered":"<h2><strong><em><a href=\"http:\/\/rurallascolonias.com.ar\/?attachment_id=11049\" rel=\"attachment wp-att-11049\"><img loading=\"lazy\" class=\"aligncenter size-full wp-image-11049\" src=\"http:\/\/rurallascolonias.com.ar\/wp-content\/uploads\/2016\/06\/inundaciones-3.jpg\" alt=\"inundaciones 3\" width=\"257\" height=\"196\" \/><\/a>Concejales, intendentes, senadores y diputados provinciales, dirigentes de CARSFE y la Sociedad Rural de Rafaela analizaron la situaci\u00f3n tras el desastre h\u00eddrico. Buscan conformar un espacio de trabajo conjunto para el desarrollo de la regi\u00f3n<\/em><\/strong><\/h2>\n<p><!--more--><\/p>\n<p>Las aguas bajaron y los da\u00f1os ocasionados por el fen\u00f3meno clim\u00e1tico de abril comienzan a palparse. El famoso \u201cd\u00eda despu\u00e9s\u201d ya lleg\u00f3 y muchos son los productores que han podido observar en sus lotes las consecuencias de 20 d\u00edas de lluvias ininterrumpidos. Las ayudas prometidas por los distintos gobiernos, provincial y nacional, han llegado en cuentagotas y varias de ellas incluso resultan \u201cuna aspirina\u201d para muchos damnificados.<\/p>\n<p>Por eso, la Sociedad Rural de Rafaela convoc\u00f3 a dirigentes rurales, funcionarios, legisladores y representantes de instituciones (p\u00fablicas y privadas) a una reuni\u00f3n con el objetivo de aunar esfuerzos y delinear los pasos a seguir para que el reclamo se fortalezca. Entre los que participaron del encuentro pueden mencionarse al senador nacional Omar Perotti; el intendente de Rafaela Luis Castellano; el presidente de CARSFE Gustavo Vionnet; el diputado provincial Omar Mart\u00ednez; y varios presidentes comunales como Fabio S\u00e1nchez (Ataliva).<\/p>\n<p>Finalizada la reuni\u00f3n, el presidente de la Rural de Rafaela, Pedro Rostagno, se mostr\u00f3 conforme con la iniciativa y se\u00f1al\u00f3 a <strong>Nuestro Agro<\/strong>: \u201cel grado de desastre que hay en la zona amerita que trabajamos todos juntos para ver hacia d\u00f3nde vamos a ir\u201d. Y agreg\u00f3: \u201ctrataremos de tomar como ejemplo lo que se hizo en Rafaela con el plan \u201cRafaela Productiva 2020\u201d; intentaremos que sea a nivel regional para que toda el \u00e1rea de influencia de Rafaela tenga un desarrollo\u201d.<\/p>\n<p>A la hora de evaluar los da\u00f1os, el dirigente explic\u00f3: \u201csi tenemos en cuenta lo ocurrido en todas las provincias, probablemente ronde los 10.000 millones de d\u00f3lares; en el caso de Santa Fe, desde CARSFE se ha hecho un trabajo que habla de unos 2.500 millones de d\u00f3lares\u201d. En ese sentido, indic\u00f3: \u201cel problema es que no hay una entidad financiera propia de la provincia para el otorgamiento de cr\u00e9ditos y canalizar la ayuda financiera, con lo cual hay que trabajar sobre ese tema.<\/p>\n<p>Respecto a la ayuda de la Naci\u00f3n, advirti\u00f3: \u201cel tipo de ayuda financiera que hoy el productor agropecuario de la regi\u00f3n necesita no est\u00e1 plasmado en las herramientas que los bancos tienen; no tienen los plazos, no tienen los per\u00edodos de gracia, no tienen las tasas y tampoco tienen los montos\u201d. Y agreg\u00f3: \u201cvemos que el Gobierno nacional inyect\u00f3 al sector petrolero una cifra muy importante justific\u00e1ndola por las fuentes de trabajo y nosotros somos merecedores de una atenci\u00f3n similar porque cuando empecemos a sumar la cantidad de personas afectadas laboralmente en esta regi\u00f3n, seguramente habr\u00e1 m\u00e1s que en esa actividad\u201d.<\/p>\n<p><strong>\u201cHay voluntad pol\u00edtica, peros las ayudas se atrasan\u201d<\/strong><\/p>\n<p>Uno de los asistentes a la reuni\u00f3n fue el Intendente de Rafaela, Luis Castellano, que se\u00f1al\u00f3: \u201clas ayudas comprometidas por parte de los gobiernos provincial y nacional que tienen que llegar a los productores, no han llegado\u201d. Y resalt\u00f3: \u201cdebo aclarar que hay buena voluntad pol\u00edtica de los funcionarios de los dos niveles del Estado para que las ayudas se concreten, pero la conclusi\u00f3n es que se atrasan por trabas burocr\u00e1ticas\u201d.<\/p>\n<p>Por otra parte, mencion\u00f3 la necesidad de dise\u00f1ar un plan de obras a mediano y largo plazo para el sector productivo, a los fines de reducir el impacto que puedan causas fen\u00f3menos clim\u00e1ticos en el futuro. \u201cA este aspecto lo vamos a trabajar a trav\u00e9s de la Agencia de Desarrollo ACDICAR, dentro del programa Rafaela Productiva 2020, que tambi\u00e9n abarcar\u00e1 la regi\u00f3n\u201d, defini\u00f3. Y agreg\u00f3: \u201chay una l\u00ednea productiva que coordina la Sociedad Rural y a la que se deben sumar actores como Vialidad, el Comit\u00e9 de Cuenca, el Ministerio de Infraestructura de la provincia, los presidentes comunales y otras asociaciones\u00bb.<\/p>\n<p><strong>Fuente: Nuestro Agro<\/strong><\/p>\n","protected":false},"excerpt":{"rendered":"<p>Concejales, intendentes, senadores y diputados provinciales, dirigentes de CARSFE y la Sociedad Rural de Rafaela analizaron la situaci\u00f3n tras el desastre h\u00eddrico. Buscan conformar un espacio de trabajo conjunto para el desarrollo de la regi\u00f3n<\/p>\n","protected":false},"author":5,"featured_media":0,"comment_status":"open","ping_status":"open","sticky":false,"template":"","format":"standard","meta":[],"categories":[1393],"tags":[2993,98,1030,523,150],"_links":{"self":[{"href":"http:\/\/rurallascolonias.com.ar\/index.php?rest_route=\/wp\/v2\/posts\/11048"}],"collection":[{"href":"http:\/\/rurallascolonias.com.ar\/index.php?rest_route=\/wp\/v2\/posts"}],"about":[{"href":"http:\/\/rurallascolonias.com.ar\/index.php?rest_route=\/wp\/v2\/types\/post"}],"author":[{"embeddable":true,"href":"http:\/\/rurallascolonias.com.ar\/index.php?rest_route=\/wp\/v2\/users\/5"}],"replies":[{"embeddable":true,"href":"http:\/\/rurallascolonias.com.ar\/index.php?rest_route=%2Fwp%2Fv2%2Fcomments&post=11048"}],"version-history":[{"count":1,"href":"http:\/\/rurallascolonias.com.ar\/index.php?rest_route=\/wp\/v2\/posts\/11048\/revisions"}],"predecessor-version":[{"id":11050,"href":"http:\/\/rurallascolonias.com.ar\/index.php?rest_route=\/wp\/v2\/posts\/11048\/revisions\/11050"}],"wp:attachment":[{"href":"http:\/\/rurallascolonias.com.ar\/index.php?rest_route=%2Fwp%2Fv2%2Fmedia&parent=11048"}],"wp:term":[{"taxonomy":"category","embeddable":true,"href":"http:\/\/rurallascolonias.com.ar\/index.php?rest_route=%2Fwp%2Fv2%2Fcategories&post=11048"},{"taxonomy":"post_tag","embeddable":true,"href":"http:\/\/rurallascolonias.com.ar\/index.php?rest_route=%2Fwp%2Fv2%2Ftags&post=11048"}],"curies":[{"name":"wp","href":"https:\/\/api.w.org\/{rel}","templated":true}]}}