{"id":11036,"date":"2016-06-13T12:08:38","date_gmt":"2016-06-13T12:08:38","guid":{"rendered":"http:\/\/rurallascolonias.com.ar\/?p=11036"},"modified":"2016-06-13T12:08:38","modified_gmt":"2016-06-13T12:08:38","slug":"tamberos-de-santa-fe-reclaman-pago-de-compensaciones","status":"publish","type":"post","link":"http:\/\/rurallascolonias.com.ar\/?p=11036","title":{"rendered":"Tamberos de Santa Fe reclaman pago de compensaciones"},"content":{"rendered":"<p><strong><em><a href=\"http:\/\/rurallascolonias.com.ar\/?attachment_id=11037\" rel=\"attachment wp-att-11037\"><img loading=\"lazy\" class=\"aligncenter size-full wp-image-11037\" src=\"http:\/\/rurallascolonias.com.ar\/wp-content\/uploads\/2016\/06\/Tamberos-de-Santa-Fe-reclaman-pago-de-compensaciones-300x300.jpg\" alt=\"Tamberos-de-Santa-Fe-reclaman-pago-de-compensaciones-300x300\" width=\"300\" height=\"300\" srcset=\"http:\/\/rurallascolonias.com.ar\/wp-content\/uploads\/2016\/06\/Tamberos-de-Santa-Fe-reclaman-pago-de-compensaciones-300x300.jpg 300w, http:\/\/rurallascolonias.com.ar\/wp-content\/uploads\/2016\/06\/Tamberos-de-Santa-Fe-reclaman-pago-de-compensaciones-300x300-150x150.jpg 150w\" sizes=\"(max-width: 300px) 100vw, 300px\" \/><\/a>El presidente de la Mesa de Productores de Leche de Santa Fe (MeProlSaFe), Marcelo Aimaro, tambi\u00e9n pidi\u00f3 decisi\u00f3n pol\u00edtica para encarar la crisis lechera<\/em><\/strong><!--more--><\/p>\n<p>El presidente de la Mesa de Productores de Leche de Santa Fe (MeProlSaFe), Marcelo Aimaro, reclam\u00f3 hoy al gobierno nacional que cumpla con el pago de compensaciones a tambos y tambi\u00e9n decisi\u00f3n pol\u00edtica para encarar la crisis lechera, y evitar as\u00ed que nadie en la cadena de valor l\u00e1ctea \u201cse quede con esa porci\u00f3n que no le corresponde\u201d.<\/p>\n<p>Aimaro consign\u00f3 que frente a la falta de precios y mercados \u201cel gobierno nacional tiene que tener la voluntad pol\u00edtica para ordenar esto: algo que no tuvo el gobierno anterior (de Cristina Fern\u00e1ndez) y que no vemos actualmente\u201d en la gesti\u00f3n de Mauricio Macri.<\/p>\n<p>El dirigente tambero estim\u00f3 que \u201csin ese reordenamiento sectorial, que debe darse en el marco de una gran reuni\u00f3n, donde el gobierno debe juntar a las partes, ll\u00e1mese comercializaci\u00f3n, industria y producci\u00f3n, con los gobiernos provinciales, no tenemos una salida a la crisis y vamos hacia un achicamiento muy importantes\u201d tanto en producci\u00f3n como en el n\u00famero de tambos.<\/p>\n<p>En declaraciones difundidas por Canal Rural, Aimaro pidi\u00f3 que se cumpla con el pago efectivo de las compensaciones ya aprobadas por el gobierno nacional debido a que \u201chay industrias que no pasaron el informe correspondiente al Estado, o lo hicieron tarde o mal, y as\u00ed hay productores de leche que no cobraron las compensaciones\u201d.<\/p>\n<p>El ruralista santafesino argument\u00f3 que \u201csi bien el tambo necesita la compensaci\u00f3n, no podemos vivir de ella: queremos que se ordene la cadena l\u00e1ctea\u201d desde la salida de la materia prima en las tranqueras hasta su venta en las g\u00f3ndolas.<\/p>\n<p>\u201cA los tambos les dan una compensaci\u00f3n de 50 centavos (por litro vendido a la industria por los primeros 3.000 litros diarios) y en las g\u00f3ndolas aumento la leche entre 4 y 6 pesos por litro, esto quiere decir que alguien se queda con esa porci\u00f3n del precio que no le corresponde\u201d, dijo.<\/p>\n","protected":false},"excerpt":{"rendered":"<p>El presidente de la Mesa de Productores de Leche de Santa Fe (MeProlSaFe), Marcelo Aimaro, tambi\u00e9n pidi\u00f3 decisi\u00f3n pol\u00edtica para encarar la crisis lechera<\/p>\n","protected":false},"author":5,"featured_media":0,"comment_status":"open","ping_status":"open","sticky":false,"template":"","format":"standard","meta":[],"categories":[46,1393],"tags":[2991,192,2990],"_links":{"self":[{"href":"http:\/\/rurallascolonias.com.ar\/index.php?rest_route=\/wp\/v2\/posts\/11036"}],"collection":[{"href":"http:\/\/rurallascolonias.com.ar\/index.php?rest_route=\/wp\/v2\/posts"}],"about":[{"href":"http:\/\/rurallascolonias.com.ar\/index.php?rest_route=\/wp\/v2\/types\/post"}],"author":[{"embeddable":true,"href":"http:\/\/rurallascolonias.com.ar\/index.php?rest_route=\/wp\/v2\/users\/5"}],"replies":[{"embeddable":true,"href":"http:\/\/rurallascolonias.com.ar\/index.php?rest_route=%2Fwp%2Fv2%2Fcomments&post=11036"}],"version-history":[{"count":1,"href":"http:\/\/rurallascolonias.com.ar\/index.php?rest_route=\/wp\/v2\/posts\/11036\/revisions"}],"predecessor-version":[{"id":11038,"href":"http:\/\/rurallascolonias.com.ar\/index.php?rest_route=\/wp\/v2\/posts\/11036\/revisions\/11038"}],"wp:attachment":[{"href":"http:\/\/rurallascolonias.com.ar\/index.php?rest_route=%2Fwp%2Fv2%2Fmedia&parent=11036"}],"wp:term":[{"taxonomy":"category","embeddable":true,"href":"http:\/\/rurallascolonias.com.ar\/index.php?rest_route=%2Fwp%2Fv2%2Fcategories&post=11036"},{"taxonomy":"post_tag","embeddable":true,"href":"http:\/\/rurallascolonias.com.ar\/index.php?rest_route=%2Fwp%2Fv2%2Ftags&post=11036"}],"curies":[{"name":"wp","href":"https:\/\/api.w.org\/{rel}","templated":true}]}}