{"id":11020,"date":"2016-06-10T18:00:28","date_gmt":"2016-06-10T18:00:28","guid":{"rendered":"http:\/\/rurallascolonias.com.ar\/?p=11020"},"modified":"2016-06-10T18:00:28","modified_gmt":"2016-06-10T18:00:28","slug":"fuerte-baja-de-las-ventas-de-productos-lacteos-en-santa-fe-cordoba-y-entre-rios","status":"publish","type":"post","link":"http:\/\/rurallascolonias.com.ar\/?p=11020","title":{"rendered":"Fuerte baja de las ventas de productos l\u00e1cteos en Santa Fe, C\u00f3rdoba y Entre R\u00edos"},"content":{"rendered":"<p><em><strong><a href=\"http:\/\/rurallascolonias.com.ar\/?attachment_id=11021\" rel=\"attachment wp-att-11021\"><img loading=\"lazy\" class=\"aligncenter size-full wp-image-11021\" src=\"http:\/\/rurallascolonias.com.ar\/wp-content\/uploads\/2016\/06\/g\u00f3ndola-2.jpg\" alt=\"g\u00f3ndola 2\" width=\"224\" height=\"148\" \/><\/a>Seg\u00fan un informe de la Universidad Austral, en el primer trimestre del a\u00f1o en los supermercados de esas provincias se desplomaron 16% en pesos constantes<\/strong><\/em><!--more--><\/p>\n<p>s ventas de productos l\u00e1cteos en los supermercados de la regi\u00f3n centro, compuesta por las provincias de Santa Fe, C\u00f3rdoba y Entre R\u00edos registraron una fuerte baja en el primer trimestre del a\u00f1o, de acuerdo a un informe de la Universidad Austral.<\/p>\n<p>Seg\u00fan el trabajo, las ventas de l\u00e1cteos, medidas en pesos constantes, \u201chabr\u00edan ca\u00eddo 16% en los supermercados de la regi\u00f3n centro en el primer trimestre de 2016\u201d.<\/p>\n<p>Por provincia, en marzo en Santa Fe el consumo de l\u00e1cteos cay\u00f3 0,7%. \u201cLa comparaci\u00f3n interanual muestra una brecha desfavorable de 12,2%\u201d, ampl\u00eda el informe.<\/p>\n<p>En C\u00f3rdoba el retroceso fue del 1,7% en marzo \u00faltimo y con una contracci\u00f3n interanual de 22,2%. \u201cEn Entre R\u00edos, los datos estimados muestran un consumo en ca\u00edda (0,5%) y tendencia decreciente (1,6%). En esta provincia, la comparaci\u00f3n interanual mostrar\u00eda una brecha negativa de 26,1%\u201d, indic\u00f3 el trabajo de la Universidad Austral.<\/p>\n<p>En cuanto a las exportaciones de la industria l\u00e1ctea, all\u00ed se observa una merma del 44% en el primer trimestre del a\u00f1o.<\/p>\n","protected":false},"excerpt":{"rendered":"<p>Seg\u00fan un informe de la Universidad Austral, en el primer trimestre del a\u00f1o en los supermercados de esas provincias se desplomaron 16% en pesos constantes<\/p>\n","protected":false},"author":5,"featured_media":0,"comment_status":"open","ping_status":"open","sticky":false,"template":"","format":"standard","meta":[],"categories":[14],"tags":[577,682,222,2984,9,2620,119,2430],"_links":{"self":[{"href":"http:\/\/rurallascolonias.com.ar\/index.php?rest_route=\/wp\/v2\/posts\/11020"}],"collection":[{"href":"http:\/\/rurallascolonias.com.ar\/index.php?rest_route=\/wp\/v2\/posts"}],"about":[{"href":"http:\/\/rurallascolonias.com.ar\/index.php?rest_route=\/wp\/v2\/types\/post"}],"author":[{"embeddable":true,"href":"http:\/\/rurallascolonias.com.ar\/index.php?rest_route=\/wp\/v2\/users\/5"}],"replies":[{"embeddable":true,"href":"http:\/\/rurallascolonias.com.ar\/index.php?rest_route=%2Fwp%2Fv2%2Fcomments&post=11020"}],"version-history":[{"count":1,"href":"http:\/\/rurallascolonias.com.ar\/index.php?rest_route=\/wp\/v2\/posts\/11020\/revisions"}],"predecessor-version":[{"id":11022,"href":"http:\/\/rurallascolonias.com.ar\/index.php?rest_route=\/wp\/v2\/posts\/11020\/revisions\/11022"}],"wp:attachment":[{"href":"http:\/\/rurallascolonias.com.ar\/index.php?rest_route=%2Fwp%2Fv2%2Fmedia&parent=11020"}],"wp:term":[{"taxonomy":"category","embeddable":true,"href":"http:\/\/rurallascolonias.com.ar\/index.php?rest_route=%2Fwp%2Fv2%2Fcategories&post=11020"},{"taxonomy":"post_tag","embeddable":true,"href":"http:\/\/rurallascolonias.com.ar\/index.php?rest_route=%2Fwp%2Fv2%2Ftags&post=11020"}],"curies":[{"name":"wp","href":"https:\/\/api.w.org\/{rel}","templated":true}]}}