{"id":11010,"date":"2016-06-09T10:28:45","date_gmt":"2016-06-09T10:28:45","guid":{"rendered":"http:\/\/rurallascolonias.com.ar\/?p=11010"},"modified":"2016-06-09T15:54:14","modified_gmt":"2016-06-09T15:54:14","slug":"con-fuerte-presencia-de-agroindustria-abrio-sus-puertas-agroactiva-2016","status":"publish","type":"post","link":"http:\/\/rurallascolonias.com.ar\/?p=11010","title":{"rendered":"Con fuerte presencia de Agroindustria, abri\u00f3 sus puertas Agroactiva 2016"},"content":{"rendered":"<h2><em><strong><a href=\"http:\/\/rurallascolonias.com.ar\/?attachment_id=11011\" rel=\"attachment wp-att-11011\"><img loading=\"lazy\" class=\"aligncenter wp-image-11011 size-medium\" src=\"http:\/\/rurallascolonias.com.ar\/wp-content\/uploads\/2016\/06\/agroactiva-300x180.jpg\" alt=\"agroactiva\" width=\"300\" height=\"180\" srcset=\"http:\/\/rurallascolonias.com.ar\/wp-content\/uploads\/2016\/06\/agroactiva-300x180.jpg 300w, http:\/\/rurallascolonias.com.ar\/wp-content\/uploads\/2016\/06\/agroactiva.jpg 494w\" sizes=\"(max-width: 300px) 100vw, 300px\" \/><\/a><\/strong><strong>El corte de cintas en la megamuestra ubicada en Monje, cont\u00f3 con la presencia del jefe de Gabinete del Ministerio de Agroindustria de la Naci\u00f3n, Guillermo Bernaudo, los secretarios de Agricultura, Ganader\u00eda y Pesca, Ricardo Negri; y de Agricultura Familiar, Oscar Alloatti, junto al al gobernador de la provincia Miguel Liftchiz, y a la presidenta de Agroactiva, Rosana Nardi, entre otros, y dej\u00f3 inaugurada la 22\u00b0 edici\u00f3n de la exposici\u00f3n a cielo abierto m\u00e1s grande del pa\u00eds<\/strong><\/em><\/h2>\n<p><!--more--><\/p>\n<p>Los funcionarios recorrieron la muestra, dialogaron con productores y empresas que participan de la exposici\u00f3n, y adelantaron la decisi\u00f3n del ministro de Agroindustria, Ricardo Buryaile, de poner en funcionamiento la Direcci\u00f3n Nacional de Maquinaria Agroindustrial.<\/p>\n<p>\u00abEste a\u00f1o hay un 20, 25% m\u00e1s de stands en Agroactiva. Eso significa y genera mucha expectativa en los productores, hay que ver c\u00f3mo ser\u00e1 la venta de m\u00e1quinas\u00bb, sostuvo Bernaudo al participar de la muestra, y celebr\u00f3 la iniciativa del Ministerio de crear la nueva direcci\u00f3n, que estar\u00e1 a cargo de la Secretar\u00eda de Agregado de Valor.<\/p>\n<p>En ese marco, Bernaudo explic\u00f3: \u00abLa Argentina es l\u00edder en muchos rubros de la maquinaria. Por eso, la direcci\u00f3n es un tema central y una herramienta m\u00e1s de la cadena de valor que todos lo sentimos muy propio en el sector agroindustrial\u00bb.<\/p>\n<p>Asimismo, Negri destac\u00f3 al participar por la ma\u00f1ana del acto de apertura: \u00abSe crear\u00e1 la direcci\u00f3n porque vemos que hay una oportunidad muy grande en el desarrollo de maquinaria para la Argentina y para el mundo. Lo que queremos es exportar mucho valor y conocimiento de la maquinaria agr\u00edcola\u00bb.<\/p>\n<p>Por su lado, Alloatti se refiri\u00f3 a la muestra de agricultores familiares en el stand del Ministerio: \u00abSe traen algunos productos que hacen los peque\u00f1os productores para que la gente que pasa por ac\u00e1 pueda conocer su trabajo. Hay productos elaborados de todo el pa\u00eds y se hace una degustaci\u00f3n, donde le da al productor la oportunidad de conversar con la gente que pasa\u00bb.<\/p>\n<p>En cuanto al Ministerio, cuenta con un stand y una carpa donde se albergan los distintos organismos descentralizados y donde se llevar\u00e1n adelante diversas actividades relacionadas a la agroindustria. Se encuentran participando INTA, SENASA, INASE, RUCA, CAMBIO RURAL, UCAR e INIDEP.<\/p>\n<p>En el predio de la muestra, ubicado en el cruce de la autopista Rosario-Santa Fe y la ruta provincial N\u00b0 65, en la localidad de Monje, cuenta este a\u00f1o con m\u00e1s de 700 expositores de variados rubros, principalmente relacionadas al sector agropecuario.<\/p>\n<p><strong>La Flamante Direcci\u00f3n<\/strong><\/p>\n<p>\u00abHoy nosotros estamos procesando alimentos en su mayor\u00eda con m\u00e1quinas que no son nacionales y tenemos la capacidad tecnol\u00f3gica como para hacerlo\u00bb, afirm\u00f3 Hugo Ribba, quien quedar\u00e1 a cargo de la Direcci\u00f3n que ya tiene su aprobaci\u00f3n en el organigrama ministerial y espera la del Gobierno Nacional.<\/p>\n<p>De esa manera, Ribba explic\u00f3 que uno de los trabajos de la nueva \u00e1rea ser\u00e1 trabajar con las empresas para que se animen a incorporar nueva tecnolog\u00eda. \u00abLa direcci\u00f3n tendr\u00e1 como objetivos fundamentales los de posicionar y consolidar lo que es la maquinaria nacional y ayudarlos a abrir nuevos mercados\u00bb.<\/p>\n<p><strong>Fuente: Prensa Agroindustria<\/strong><\/p>\n","protected":false},"excerpt":{"rendered":"<p>El corte de cintas en la megamuestra ubicada en Monje, cont\u00f3 con la presencia del jefe de Gabinete del Ministerio de Agroindustria de la Naci\u00f3n, Guillermo Bernaudo, los secretarios de Agricultura, Ganader\u00eda y Pesca, Ricardo Negri; y de Agricultura Familiar, Oscar Alloatti, junto al al gobernador de la provincia Miguel Liftchiz, y a la presidenta [&hellip;]<\/p>\n","protected":false},"author":5,"featured_media":0,"comment_status":"open","ping_status":"open","sticky":false,"template":"","format":"standard","meta":[],"categories":[14],"tags":[2983,2115,1030],"_links":{"self":[{"href":"http:\/\/rurallascolonias.com.ar\/index.php?rest_route=\/wp\/v2\/posts\/11010"}],"collection":[{"href":"http:\/\/rurallascolonias.com.ar\/index.php?rest_route=\/wp\/v2\/posts"}],"about":[{"href":"http:\/\/rurallascolonias.com.ar\/index.php?rest_route=\/wp\/v2\/types\/post"}],"author":[{"embeddable":true,"href":"http:\/\/rurallascolonias.com.ar\/index.php?rest_route=\/wp\/v2\/users\/5"}],"replies":[{"embeddable":true,"href":"http:\/\/rurallascolonias.com.ar\/index.php?rest_route=%2Fwp%2Fv2%2Fcomments&post=11010"}],"version-history":[{"count":3,"href":"http:\/\/rurallascolonias.com.ar\/index.php?rest_route=\/wp\/v2\/posts\/11010\/revisions"}],"predecessor-version":[{"id":11017,"href":"http:\/\/rurallascolonias.com.ar\/index.php?rest_route=\/wp\/v2\/posts\/11010\/revisions\/11017"}],"wp:attachment":[{"href":"http:\/\/rurallascolonias.com.ar\/index.php?rest_route=%2Fwp%2Fv2%2Fmedia&parent=11010"}],"wp:term":[{"taxonomy":"category","embeddable":true,"href":"http:\/\/rurallascolonias.com.ar\/index.php?rest_route=%2Fwp%2Fv2%2Fcategories&post=11010"},{"taxonomy":"post_tag","embeddable":true,"href":"http:\/\/rurallascolonias.com.ar\/index.php?rest_route=%2Fwp%2Fv2%2Ftags&post=11010"}],"curies":[{"name":"wp","href":"https:\/\/api.w.org\/{rel}","templated":true}]}}