{"id":11008,"date":"2016-06-09T10:24:26","date_gmt":"2016-06-09T10:24:26","guid":{"rendered":"http:\/\/rurallascolonias.com.ar\/?p=11008"},"modified":"2016-06-09T15:27:10","modified_gmt":"2016-06-09T15:27:10","slug":"la-lecheria-sin-anuncios-pero-con-empellones","status":"publish","type":"post","link":"http:\/\/rurallascolonias.com.ar\/?p=11008","title":{"rendered":"La lecher\u00eda sin anuncios, pero con empellones"},"content":{"rendered":"<p><em><strong><a href=\"http:\/\/rurallascolonias.com.ar\/?attachment_id=2486\" rel=\"attachment wp-att-2486\"><img loading=\"lazy\" class=\"alignleft size-full wp-image-2486\" src=\"http:\/\/rurallascolonias.com.ar\/wp-content\/uploads\/2014\/05\/lecher\u00eda-perdida.jpg\" alt=\"lecher\u00eda perdida\" width=\"255\" height=\"198\" \/><\/a>Mientras se inauguraba AgroActiva, ayer los productores tamberos, hasta la letra M se enteraban que ten\u00edan depositadas las compensaciones correspondientes a los primeros tres mil litros de producci\u00f3n diaria de materia prima en febrero, adjudicable pro CUIT y con una demora de un mes, aproximadamente, desde la promesa de pago<\/strong><\/em><!--more--><br \/>\nEs dable entender que con el c\u00famulo de dinero que la Naci\u00f3n ya puso en espasm\u00f3dicos subsidios no se termina de resolver la necesidad de tener tambos fuera de la crisis, acomodando m\u00e1s variables que la constante entrega de dineros p\u00fablicos, pudiendo usar otras estrategias.<\/p>\n<p>CASTELLANOS dialog\u00f3 con Ricky Negri, el secretario de Agricultura, que es el m\u00e1s conciente en el Ministerio de Agroindustria sobre las preocupaciones y expectativas que se tiene en el sector por salir de la crisis, heredada, pero con demasiadas esperas al tiempo de otorgar soluciones.<\/p>\n<p>Sobre lo que faltar\u00e1, respecto a la leche de marzo, el funcionario dijo \u201cte\u00f3ricamente viene todo encadenadito, como si fuera un tren, no voy a decir fecha porque aprendimos r\u00e1pido a no hacer estimaciones, porque los procesos burocr\u00e1ticos son absolutamente necesarios y no queremos apresurarnos\u201d. Sin embargo reconoce los avances que se est\u00e1n teniendo en una senda larga, que es la de la transparentaci\u00f3n de la lecher\u00eda y en esto aparece la leche de referencia, los par\u00e1metros que se publicaron la semana anterior desde Agroindustria y que pueden dar pie a un mejor entendimiento de qu\u00e9 se paga cuando se entrega leche, luego faltar\u00e1 tener referencias en precios, estimativos posibles de pago y tantas otras cosas m\u00e1s.<\/p>\n<p>\u201cEn toda la cadena lechera, la informaci\u00f3n empieza a estar disponible, pero apuntamos al Observatorio L\u00e1cteo, a tener toda la transparencia en la cadena para que la pr\u00f3xima vez que nos pase esto, porque las crisis de la lecher\u00eda van a volver a venir, porque son c\u00edclicas a nivel global, tengamos muchas menos discusiones de las que tenemos ahora y tengamos a Defensa de la Competencia que es el organismo de la democracia, monitoreando, es algo que estamos haciendo con todos los organismos del Estado\u201d, concluy\u00f3.<\/p>\n<p>Otra ayuda<\/p>\n<p>Nuestro Diario pudo saber por otra parte que la provincia de Santa Fe ya baraja la posibilidad de entregar dinero a productores afectados por el temporal de febrero, aquel del d\u00eda 19 que como tornado pas\u00f3 por el centro provincial afectando a pueblos, ciudades, industrias y tambi\u00e9n explotaciones agropecuarias. La ayuda se extender\u00eda como un fondo rotatorio que administrar\u00e1 la asociaci\u00f3n para el desarrollo de Santa Fe, a trav\u00e9s de una n\u00f3mina ya relevada de beneficiarias, con pr\u00e9stamos que surgir\u00e1n de un fondo especial que otorgar\u00eda el Ministerio de Hacienda a trav\u00e9s de Producci\u00f3n, por unos 3,5 millones de pesos.<\/p>\n<p>SanCor con \u201cPancho\u201d<\/p>\n<p>Tanto se habl\u00f3 de las desatenciones de la Naci\u00f3n respecto a la cooperativa l\u00e1ctea SanCor, que parece que eso tuvo cierta resonancia y hoy el Ministro de Producci\u00f3n de la Naci\u00f3n recibir\u00e1 a los directivos de la empresa, con el diferencial de encuentros anteriores en el que se reconoce este contacto.<\/p>\n<p>Seg\u00fan se sabe, en la Naci\u00f3n hay movimientos internos, pero solo ligados a tratar de avanzar con alg\u00b4\u00fan mecanismo que destabe la deuda que tiene Venezuela con la Cooperativa, nada m\u00e1s que eso. De todas maneras, el encuentro de hoy con Francisco Cabrera no traer\u00eda muchas novedades, ya es sabido, pero lo bueno es saber que se concretar\u00e1 una reuni\u00f3n y esto fue destacado por el propio Ministro de la Producci\u00f3n de Santa Fe.<\/p>\n<p>Cabe aclarar, ante muchos movimientos medi\u00e1ticos de las \u00falitmas horas que SanCor maneja muchas alternativas ante su cr\u00edtica situaci\u00f3n financiera. Se habla de la venta de la l\u00ednea de frescos, pero sin tener nada que ver la operaci\u00f3n con la ambiciosa Coca Cola, que con la promoci\u00f3n de movimientos inexistentes sigue distanci\u00e1ndose cada vez m\u00e1s de la lecher\u00eda. De todas maneras, desde la cooerativa hablan de varias estrategias de negocios a la mano, que todas se analizan y no quedan solo en lo mencionado. Las definiciones llegar\u00edan en los pr\u00f3ximos d\u00edas, m\u00e1s a fin de mes, para resolver en parte la situaci\u00f3n econ\u00f3mica, pero conservando la basee cooperativa, las operaciones en el rubro y sobre todo la marca.<\/p>\n<p>Elida Thiery<\/p>\n","protected":false},"excerpt":{"rendered":"<p>Mientras se inauguraba AgroActiva, ayer los productores tamberos, hasta la letra M se enteraban que ten\u00edan depositadas las compensaciones correspondientes a los primeros tres mil litros de producci\u00f3n diaria de materia prima en febrero, adjudicable pro CUIT y con una demora de un mes, aproximadamente, desde la promesa de pago<\/p>\n","protected":false},"author":5,"featured_media":0,"comment_status":"open","ping_status":"open","sticky":false,"template":"","format":"standard","meta":[],"categories":[42,46,33],"tags":[876,89,2982,12],"_links":{"self":[{"href":"http:\/\/rurallascolonias.com.ar\/index.php?rest_route=\/wp\/v2\/posts\/11008"}],"collection":[{"href":"http:\/\/rurallascolonias.com.ar\/index.php?rest_route=\/wp\/v2\/posts"}],"about":[{"href":"http:\/\/rurallascolonias.com.ar\/index.php?rest_route=\/wp\/v2\/types\/post"}],"author":[{"embeddable":true,"href":"http:\/\/rurallascolonias.com.ar\/index.php?rest_route=\/wp\/v2\/users\/5"}],"replies":[{"embeddable":true,"href":"http:\/\/rurallascolonias.com.ar\/index.php?rest_route=%2Fwp%2Fv2%2Fcomments&post=11008"}],"version-history":[{"count":1,"href":"http:\/\/rurallascolonias.com.ar\/index.php?rest_route=\/wp\/v2\/posts\/11008\/revisions"}],"predecessor-version":[{"id":11009,"href":"http:\/\/rurallascolonias.com.ar\/index.php?rest_route=\/wp\/v2\/posts\/11008\/revisions\/11009"}],"wp:attachment":[{"href":"http:\/\/rurallascolonias.com.ar\/index.php?rest_route=%2Fwp%2Fv2%2Fmedia&parent=11008"}],"wp:term":[{"taxonomy":"category","embeddable":true,"href":"http:\/\/rurallascolonias.com.ar\/index.php?rest_route=%2Fwp%2Fv2%2Fcategories&post=11008"},{"taxonomy":"post_tag","embeddable":true,"href":"http:\/\/rurallascolonias.com.ar\/index.php?rest_route=%2Fwp%2Fv2%2Ftags&post=11008"}],"curies":[{"name":"wp","href":"https:\/\/api.w.org\/{rel}","templated":true}]}}