{"id":10979,"date":"2016-06-07T10:18:58","date_gmt":"2016-06-07T10:18:58","guid":{"rendered":"http:\/\/rurallascolonias.com.ar\/?p=10979"},"modified":"2016-06-07T16:36:06","modified_gmt":"2016-06-07T16:36:06","slug":"el-frio-polar-se-acentua-hacia-el-fin-de-semana-en-casi-todo-el-pais","status":"publish","type":"post","link":"http:\/\/rurallascolonias.com.ar\/?p=10979","title":{"rendered":"El fr\u00edo polar se acent\u00faa hacia el fin de semana en casi todo el pa\u00eds"},"content":{"rendered":"<p><em><strong><a href=\"http:\/\/rurallascolonias.com.ar\/?attachment_id=10980\" rel=\"attachment wp-att-10980\"><img loading=\"lazy\" class=\"aligncenter size-full wp-image-10980\" src=\"http:\/\/rurallascolonias.com.ar\/wp-content\/uploads\/2016\/06\/fr\u00edo-polar.jpg\" alt=\"fr\u00edo polar\" width=\"259\" height=\"194\" \/><\/a>Continuar\u00e1 el descenso llegado el jueves y viernes. Las m\u00ednimas rondar\u00e1n los 2 grados<\/strong><\/em><!--more--><\/p>\n<p>Las bajas temperaturas que desde hace d\u00edas se registran en gran parte del pa\u00eds descender\u00e1n aun m\u00e1s entre jueves y viernes y se extender\u00e1n hasta el sur de Brasil, inform\u00f3 el Servicio Meteorol\u00f3gico Nacional (SMN), que anticip\u00f3 un invierno con temperaturas \u00abpromedio\u00bb.<\/p>\n<p>A partir del mi\u00e9rcoles un nuevo frente fr\u00edo ingresar\u00e1 desde la regi\u00f3n patag\u00f3nica hacia todo el pa\u00eds provocando un nuevo descenso de temperaturas.<\/p>\n<div class=\"entry\">\n<p>En C\u00f3rdoba y Santa Fe se registraron densas nieblas asociadas al aire fr\u00edo y h\u00famedo, fen\u00f3meno que se repiti\u00f3 tambi\u00e9n en Buenos Aires y Entre R\u00edos donde adem\u00e1s las temperaturas m\u00ednimas \u00abestuvieron pr\u00f3ximas a los cero grados\u00bb.<br \/>\nEl especialista explic\u00f3 que las bajas temperaturas que se registran en la zona central del pa\u00eds se deben \u00aba la existencia y permanencia de un bloqueo, un sistema de alta presi\u00f3n ubicado en la Patagonia que, al estar estancado, no permiti\u00f3 que los sistemas (meteorol\u00f3gicos) que ven\u00edan desde el pac\u00edfico sur circularan\u00bb.<br \/>\nLos centros de alta presi\u00f3n son asociados generalmente con el buen tiempo y cielo despejado, en este caso \u00abeste bloqueo de alta presi\u00f3n se situ\u00f3 sobre Santa Cruz, Tierra del Fuego y el Pasaje de Drake y debido a su permanencia, alter\u00f3 toda la din\u00e1mica de la atm\u00f3sfera en la zona generando que donde deb\u00eda llover, no llueva y viceversa\u00bb. \u00abLa permanencia de este bloqueo se debe a dos factores fundamentales: las consecuencias del fen\u00f3meno de la Corriente del Ni\u00f1o y la circulaci\u00f3n de vientos que se originan en la Ant\u00e1rtida\u00bb, explic\u00f3 Amorin.<br \/>\nSi bien las bajas temperaturas continuar\u00e1n al menos una semana, no se puede asegurar que el invierno que se aproxima llegue con marcas t\u00e9rmicas mas aun menores ya que \u00abpodr\u00eda cambiar el patr\u00f3n de circulaci\u00f3n y revertir la situaci\u00f3n\u00bb, consider\u00f3 el especialista. Y agreg\u00f3 que: \u00abEl pronostico para los pr\u00f3ximos meses para la Regi\u00f3n Patag\u00f3nica prev\u00e9 probabilidades de temperaturas mas ben\u00e9volas, que se acerquen al valor medio de la \u00e9poca, como viene sucediendo: con pocas lluvias y fr\u00edo moderado\u00bb. \u00abEn tanto, el pr\u00f3ximo trimestre en la pampa h\u00fameda las temperaturas estar\u00e1n cerca de la media para este mes, considerando que en junio comienzan a afianzarse las irrupciones de aire fr\u00edo, t\u00edpicas para esta \u00e9poca y comienzan a registrarse heladas\u00bb en la Pampa H\u00fameda.<\/p>\n<\/div>\n<div class=\"fuente-post\">\n<p><strong>FUENTE:<\/strong> TELAM<\/p>\n<\/div>\n<div class=\"fb-comments fb_iframe_widget\" data-href=\"http:\/\/lt10.com.ar:80\/noticia\/162551--el-frio-polar-se-acentuara-hacia-el-fin-de-semana-en-casi-todo-el-pais\" data-numposts=\"5\"><\/div>\n<p>&nbsp;<\/p>\n","protected":false},"excerpt":{"rendered":"<p>Continuar\u00e1 el descenso llegado el jueves y viernes. Las m\u00ednimas rondar\u00e1n los 2 grados<\/p>\n","protected":false},"author":5,"featured_media":0,"comment_status":"open","ping_status":"open","sticky":false,"template":"","format":"standard","meta":[],"categories":[40],"tags":[757,1248,848],"_links":{"self":[{"href":"http:\/\/rurallascolonias.com.ar\/index.php?rest_route=\/wp\/v2\/posts\/10979"}],"collection":[{"href":"http:\/\/rurallascolonias.com.ar\/index.php?rest_route=\/wp\/v2\/posts"}],"about":[{"href":"http:\/\/rurallascolonias.com.ar\/index.php?rest_route=\/wp\/v2\/types\/post"}],"author":[{"embeddable":true,"href":"http:\/\/rurallascolonias.com.ar\/index.php?rest_route=\/wp\/v2\/users\/5"}],"replies":[{"embeddable":true,"href":"http:\/\/rurallascolonias.com.ar\/index.php?rest_route=%2Fwp%2Fv2%2Fcomments&post=10979"}],"version-history":[{"count":1,"href":"http:\/\/rurallascolonias.com.ar\/index.php?rest_route=\/wp\/v2\/posts\/10979\/revisions"}],"predecessor-version":[{"id":10981,"href":"http:\/\/rurallascolonias.com.ar\/index.php?rest_route=\/wp\/v2\/posts\/10979\/revisions\/10981"}],"wp:attachment":[{"href":"http:\/\/rurallascolonias.com.ar\/index.php?rest_route=%2Fwp%2Fv2%2Fmedia&parent=10979"}],"wp:term":[{"taxonomy":"category","embeddable":true,"href":"http:\/\/rurallascolonias.com.ar\/index.php?rest_route=%2Fwp%2Fv2%2Fcategories&post=10979"},{"taxonomy":"post_tag","embeddable":true,"href":"http:\/\/rurallascolonias.com.ar\/index.php?rest_route=%2Fwp%2Fv2%2Ftags&post=10979"}],"curies":[{"name":"wp","href":"https:\/\/api.w.org\/{rel}","templated":true}]}}