{"id":10946,"date":"2016-06-05T23:21:55","date_gmt":"2016-06-05T23:21:55","guid":{"rendered":"http:\/\/rurallascolonias.com.ar\/?p=10946"},"modified":"2016-06-05T23:21:55","modified_gmt":"2016-06-05T23:21:55","slug":"avanza-la-conformacion-de-una-consignataria-para-la-venta-conjunta-de-leche","status":"publish","type":"post","link":"http:\/\/rurallascolonias.com.ar\/?p=10946","title":{"rendered":"AVANZA LA CONFORMACI\u00d3N DE UNA CONSIGNATARIA PARA LA VENTA CONJUNTA DE LECHE"},"content":{"rendered":"<p><strong><em><a href=\"http:\/\/rurallascolonias.com.ar\/?attachment_id=10947\" rel=\"attachment wp-att-10947\"><img loading=\"lazy\" class=\"aligncenter wp-image-10947 size-medium\" src=\"http:\/\/rurallascolonias.com.ar\/wp-content\/uploads\/2016\/06\/IMG-20160603-WA0005-300x180.jpg\" alt=\"IMG-20160603-WA0005\" width=\"300\" height=\"180\" srcset=\"http:\/\/rurallascolonias.com.ar\/wp-content\/uploads\/2016\/06\/IMG-20160603-WA0005-300x180.jpg 300w, http:\/\/rurallascolonias.com.ar\/wp-content\/uploads\/2016\/06\/IMG-20160603-WA0005-768x461.jpg 768w, http:\/\/rurallascolonias.com.ar\/wp-content\/uploads\/2016\/06\/IMG-20160603-WA0005-1024x614.jpg 1024w, http:\/\/rurallascolonias.com.ar\/wp-content\/uploads\/2016\/06\/IMG-20160603-WA0005-600x360.jpg 600w, http:\/\/rurallascolonias.com.ar\/wp-content\/uploads\/2016\/06\/IMG-20160603-WA0005-624x374.jpg 624w, http:\/\/rurallascolonias.com.ar\/wp-content\/uploads\/2016\/06\/IMG-20160603-WA0005.jpg 1280w\" sizes=\"(max-width: 300px) 100vw, 300px\" \/><\/a>Desde hace un tiempo muchos dirigentes se vienen convenciendo de que con un trabajo conjunto el tema lecher\u00eda podr\u00eda resultar m\u00e1s f\u00e1cil. Esta es la idea de base entre las entidades que vienen participando de la organizaci\u00f3n de una consignataria de leche para la venta conjunta en la provincia de Santa Fe<\/em><\/strong><!--more--><br \/>\nEl pasado jueves \u00a0por la tarde en el Nodo Rafaela se realiz\u00f3 un nuevo encuentro de los integrantes de este espacio que sigue analizando las figuras legales que pueden caberle para avanzar en una negociaci\u00f3n de grandes vol\u00famenes de materia prima ante las industrias l\u00e1cteas.<br \/>\nMarcelo D\u00e1ndolo y Franco Lamberti comentaron\u00a0la importancia de la continuidad de estos encuentros, teniendo en cuenta los requerimientos provinciales y nacionales para que se consiga la entrada en vigencia de esta estructura.<\/p>\n<p>Los productores entienden que si bien se manejar\u00eda un volumen de unos cuatro millones de litros de leche diarios, \u00aben el arranque no se comenzar\u00eda con todo ese volumen, aunque el contexto a nivel provincial da para esa cifra\u00bb, pero sobre la base de utilizar el sistema de contratos que ya tiene desarrollado la Bolsa de Comercio de Rosario.<br \/>\nEs as\u00ed que el paso m\u00e1s importante es entender para los productores que el trabajo individual debilita y es por eso que se debe adquirir la din\u00e1mica de trabajo conjunto.<br \/>\nAunque hubo algunas dudas en los \u00faltimos encuentros, en \u00e9ste se reafirmaron los compromisos de todos los actores convocados y con esto se fortalece un v\u00ednculo que seguir\u00e1 adelante. No solo es una cuesti\u00f3n pol\u00edtica, sino que estructuralmente Santa Fe est\u00e1 decidida a torcer el rumbo de las voluntades tradicionales en el mercado, los resultados se ver\u00e1n con el tiempo.<\/p>\n","protected":false},"excerpt":{"rendered":"<p>Desde hace un tiempo muchos dirigentes se vienen convenciendo de que con un trabajo conjunto el tema lecher\u00eda podr\u00eda resultar m\u00e1s f\u00e1cil. Esta es la idea de base entre las entidades que vienen participando de la organizaci\u00f3n de una consignataria de leche para la venta conjunta en la provincia de Santa Fe<\/p>\n","protected":false},"author":5,"featured_media":0,"comment_status":"open","ping_status":"open","sticky":false,"template":"","format":"standard","meta":[],"categories":[46],"tags":[1028,1208,2590,2969],"_links":{"self":[{"href":"http:\/\/rurallascolonias.com.ar\/index.php?rest_route=\/wp\/v2\/posts\/10946"}],"collection":[{"href":"http:\/\/rurallascolonias.com.ar\/index.php?rest_route=\/wp\/v2\/posts"}],"about":[{"href":"http:\/\/rurallascolonias.com.ar\/index.php?rest_route=\/wp\/v2\/types\/post"}],"author":[{"embeddable":true,"href":"http:\/\/rurallascolonias.com.ar\/index.php?rest_route=\/wp\/v2\/users\/5"}],"replies":[{"embeddable":true,"href":"http:\/\/rurallascolonias.com.ar\/index.php?rest_route=%2Fwp%2Fv2%2Fcomments&post=10946"}],"version-history":[{"count":1,"href":"http:\/\/rurallascolonias.com.ar\/index.php?rest_route=\/wp\/v2\/posts\/10946\/revisions"}],"predecessor-version":[{"id":10948,"href":"http:\/\/rurallascolonias.com.ar\/index.php?rest_route=\/wp\/v2\/posts\/10946\/revisions\/10948"}],"wp:attachment":[{"href":"http:\/\/rurallascolonias.com.ar\/index.php?rest_route=%2Fwp%2Fv2%2Fmedia&parent=10946"}],"wp:term":[{"taxonomy":"category","embeddable":true,"href":"http:\/\/rurallascolonias.com.ar\/index.php?rest_route=%2Fwp%2Fv2%2Fcategories&post=10946"},{"taxonomy":"post_tag","embeddable":true,"href":"http:\/\/rurallascolonias.com.ar\/index.php?rest_route=%2Fwp%2Fv2%2Ftags&post=10946"}],"curies":[{"name":"wp","href":"https:\/\/api.w.org\/{rel}","templated":true}]}}