{"id":10935,"date":"2016-06-03T11:28:52","date_gmt":"2016-06-03T11:28:52","guid":{"rendered":"http:\/\/rurallascolonias.com.ar\/?p=10935"},"modified":"2016-06-03T11:28:52","modified_gmt":"2016-06-03T11:28:52","slug":"se-actualizo-la-tabla-de-capacidad-de-pago-de-productos-lacteos","status":"publish","type":"post","link":"http:\/\/rurallascolonias.com.ar\/?p=10935","title":{"rendered":"Se actualiz\u00f3 la tabla de capacidad de pago de productos l\u00e1cteos"},"content":{"rendered":"<p><a href=\"http:\/\/rurallascolonias.com.ar\/?attachment_id=10936\" rel=\"attachment wp-att-10936\"><img loading=\"lazy\" class=\"aligncenter size-full wp-image-10936\" src=\"http:\/\/rurallascolonias.com.ar\/wp-content\/uploads\/2016\/06\/Se-actualizo-la-tabla-de-capacidad-de-pago-de-productos-lacteos.png\" alt=\"Se-actualizo-la-tabla-de-capacidad-de-pago-de-productos-lacteos\" width=\"955\" height=\"681\" srcset=\"http:\/\/rurallascolonias.com.ar\/wp-content\/uploads\/2016\/06\/Se-actualizo-la-tabla-de-capacidad-de-pago-de-productos-lacteos.png 955w, http:\/\/rurallascolonias.com.ar\/wp-content\/uploads\/2016\/06\/Se-actualizo-la-tabla-de-capacidad-de-pago-de-productos-lacteos-300x214.png 300w, http:\/\/rurallascolonias.com.ar\/wp-content\/uploads\/2016\/06\/Se-actualizo-la-tabla-de-capacidad-de-pago-de-productos-lacteos-768x548.png 768w, http:\/\/rurallascolonias.com.ar\/wp-content\/uploads\/2016\/06\/Se-actualizo-la-tabla-de-capacidad-de-pago-de-productos-lacteos-600x428.png 600w, http:\/\/rurallascolonias.com.ar\/wp-content\/uploads\/2016\/06\/Se-actualizo-la-tabla-de-capacidad-de-pago-de-productos-lacteos-624x445.png 624w\" sizes=\"(max-width: 955px) 100vw, 955px\" \/><\/a><em><strong>Con el objetivo de dar soluci\u00f3n a la crisis que afecta a la cadena de valor l\u00e1ctea, el Ministerio de la Producci\u00f3n contin\u00faa implementando medidas para transparentar y formalizar la actividad.\u00a0En ese marco, se informa que ya est\u00e1n publicadas en el sitio web de la Provincia<\/strong><\/em><!--more--><\/p>\n<p>(http:\/\/www.santafe.gov.ar\/index.php\/web\/content\/view\/full\/112738\/%28subtema%29\/93794) las planillas que reflejan la capacidad de pago de los productos l\u00e1cteos en el mes de mayo.<\/p>\n<p>Por sus procesos de industrializaci\u00f3n y por su composici\u00f3n, dichos productos tienen distintos costos de elaboraci\u00f3n y diferentes capacidades de pago de la leche cruda, la grasa butirosa y la prote\u00edna cruda, que es su principal insumo.<br \/>\nDownload (PDF, 221KB)<a href=\"http:\/\/lecherialatina.com\/wp-content\/uploads\/2016\/06\/Capacidad-de-pago-de-productos-lacteos.pdf\">Capacidad-de-pago-de-productos-lacteos<\/a><\/p>\n<p>La tabla muestra la capacidad de pago de los productos tipo y es orientativa de bandas de precios, para contener las diferencias intraindustriales, considerando los diferentes vol\u00famenes y estructuras productivas.<\/p>\n<p>Cabe recordar que Santa Fe es la \u00fanica provincia del pa\u00eds que define una leche est\u00e1ndar, que posee un precio de referencia, que tiene un acuerdo l\u00e1cteo y que desde enero publica en la web oficial esta tabla, una herramienta m\u00e1s en la b\u00fasqueda de formalizar y transparentar el mercado de ese sector.<\/p>\n<p>&nbsp;<\/p>\n","protected":false},"excerpt":{"rendered":"<p>Con el objetivo de dar soluci\u00f3n a la crisis que afecta a la cadena de valor l\u00e1ctea, el Ministerio de la Producci\u00f3n contin\u00faa implementando medidas para transparentar y formalizar la actividad.\u00a0En ese marco, se informa que ya est\u00e1n publicadas en el sitio web de la Provincia<\/p>\n","protected":false},"author":5,"featured_media":0,"comment_status":"open","ping_status":"open","sticky":false,"template":"","format":"standard","meta":[],"categories":[46],"tags":[2963,2965,1463,2964],"_links":{"self":[{"href":"http:\/\/rurallascolonias.com.ar\/index.php?rest_route=\/wp\/v2\/posts\/10935"}],"collection":[{"href":"http:\/\/rurallascolonias.com.ar\/index.php?rest_route=\/wp\/v2\/posts"}],"about":[{"href":"http:\/\/rurallascolonias.com.ar\/index.php?rest_route=\/wp\/v2\/types\/post"}],"author":[{"embeddable":true,"href":"http:\/\/rurallascolonias.com.ar\/index.php?rest_route=\/wp\/v2\/users\/5"}],"replies":[{"embeddable":true,"href":"http:\/\/rurallascolonias.com.ar\/index.php?rest_route=%2Fwp%2Fv2%2Fcomments&post=10935"}],"version-history":[{"count":1,"href":"http:\/\/rurallascolonias.com.ar\/index.php?rest_route=\/wp\/v2\/posts\/10935\/revisions"}],"predecessor-version":[{"id":10937,"href":"http:\/\/rurallascolonias.com.ar\/index.php?rest_route=\/wp\/v2\/posts\/10935\/revisions\/10937"}],"wp:attachment":[{"href":"http:\/\/rurallascolonias.com.ar\/index.php?rest_route=%2Fwp%2Fv2%2Fmedia&parent=10935"}],"wp:term":[{"taxonomy":"category","embeddable":true,"href":"http:\/\/rurallascolonias.com.ar\/index.php?rest_route=%2Fwp%2Fv2%2Fcategories&post=10935"},{"taxonomy":"post_tag","embeddable":true,"href":"http:\/\/rurallascolonias.com.ar\/index.php?rest_route=%2Fwp%2Fv2%2Ftags&post=10935"}],"curies":[{"name":"wp","href":"https:\/\/api.w.org\/{rel}","templated":true}]}}