{"id":10923,"date":"2016-06-02T17:56:09","date_gmt":"2016-06-02T17:56:09","guid":{"rendered":"http:\/\/rurallascolonias.com.ar\/?p=10923"},"modified":"2016-06-02T17:56:09","modified_gmt":"2016-06-02T17:56:09","slug":"anticipan-que-la-nina-sera-protagonista-en-la-proxima-campana-gruesa","status":"publish","type":"post","link":"http:\/\/rurallascolonias.com.ar\/?p=10923","title":{"rendered":"Anticipan que \u00abLa Ni\u00f1a\u00bb ser\u00e1 protagonista en la pr\u00f3xima campa\u00f1a gruesa"},"content":{"rendered":"<h2><em><strong><a href=\"http:\/\/rurallascolonias.com.ar\/?attachment_id=10924\" rel=\"attachment wp-att-10924\"><img loading=\"lazy\" class=\"aligncenter size-full wp-image-10924\" src=\"http:\/\/rurallascolonias.com.ar\/wp-content\/uploads\/2016\/06\/La-Ni\u00f1a.jpg\" alt=\"La Ni\u00f1a\" width=\"259\" height=\"194\" \/><\/a>El Dr. Jos\u00e9 Aiello fue entrevistado por la Gu\u00eda Estrat\u00e9gica para el Agro y revel\u00f3 que el fen\u00f3meno tiene \u00abaltas chances de instalarse en septiembre\u00bb<\/strong><\/em><\/h2>\n<p><!--more--><\/p>\n<p>El componente clim\u00e1tico tuvo un peso determinante sobre todo el per\u00edodo de la campa\u00f1a 2015\/16 que va llegando a su final. De prever r\u00e9cords de rindes se a pas\u00f3 a un abril en el que las lluvias inclinaron la balanza hacia p\u00e9rdidas cuantiosas. Reviendo los \u00faltimos sucesos y analizando el escenario que empieza a mostrarse, Aiello habl\u00f3 de todo. Coment\u00f3 el bloqueo h\u00famedo que puso en jaque a Entre R\u00edos, Santa Fe y C\u00f3rdoba, y el pr\u00f3ximo invierno y en c\u00f3mo puede afectar al trigo. Tambi\u00e9n charlamos sobre el largo plazo: el clima que se viene en Argentina, \u201c<strong>La Ni\u00f1a\u201d que tiene altas chances de instalarse en septiembre,<\/strong><strong>\u00a0<\/strong>los cambios atmosf\u00e9ricos que podr\u00edan incrementar el n\u00famero de Ni\u00f1os, y la forma de hacer agricultura en Argentina.<\/p>\n<p><strong>\u2014Jos\u00e9 Luis, el temporal de lluvias en abril, \u00bffue \u201cmala suerte\u201d o era algo que ten\u00eda muchas probabilidades de suceder en un a\u00f1o as\u00ed?<\/strong><\/p>\n<p>\u2014La campa\u00f1a mostr\u00f3 varios aspectos de mucho efecto sobre el sistema de producci\u00f3n agropecuario en Argentina. Se desarroll\u00f3 bajo la neta influencia de un Ni\u00f1o en el Pac\u00edfico ecuatorial central y las consecuencias fueron la de un permanente aumento de nubosidad atmosf\u00e9rica que ingresaba desde el norte. Con esto, y el pasaje de sistemas meteorol\u00f3gicos, se generaron montos de lluvias por encima de los valores normales. Por ello, desde el punto de vista f\u00edsico, era el escenario m\u00e1s probable.<\/p>\n<p>Ahora voy a tu pregunta: las lluvias de abril, \u00bffueron \u00abmala suerte\u00bb? Seguramente, alguno de los cientos de productores que vieron anegarse sus campos y la p\u00e9rdida de su producci\u00f3n usar\u00e1n dicha expresi\u00f3n, pero yo prefiero ir por otro lado y explicar el fen\u00f3meno como un\u00a0<strong>bloqueo h\u00famedo<\/strong>. Dicho bloqueo se da sobre una determinada regi\u00f3n cuando hay mucha humedad en la atm\u00f3sfera (y en abril era as\u00ed) y se estaciona un sistema (frente) que dan una combinaci\u00f3n de continuas lluvias durante muchos d\u00edas. Esto fue lo que pas\u00f3. Los bloqueos son fen\u00f3menos que pueden ser h\u00famedos (como el de abril) o secos (sin lluvia durante muchos d\u00edas) y aparecen con una frecuencia que no es tan baja. Por eso cuando uno hace\u00a0<strong>pron\u00f3sticos a largo plazo<\/strong>, cuyo forzante es de muy gran escala, debe informar: ojo,\u00a0<strong>cuidado con los bloqueos u otros fen\u00f3menos regionales<\/strong>, cosa que hemos hecho en muchas ocasiones desde GEA.<\/p>\n<p><strong>\u2014\u00bfCuantas chances le ves a que lo que pas\u00f3 en abril, se vuelva a repetir de ac\u00e1 a dos a\u00f1os?<\/strong><\/p>\n<p>\u2014Dir\u00eda que no es alta la probabilidad en los pr\u00f3ximos dos a\u00f1os. Abril ya es un mes del semestre fr\u00edo y se inhiben los efectos de gran escala para generar humedad.<\/p>\n<p><strong>\u2014Todav\u00eda falta bastante por cosechar en Argentina, \u00bfqu\u00e9 se puede esperar para junio?<\/strong><\/p>\n<p>\u2014 En lo que resta de junio\u00a0<u>no se generar\u00e1n nuevos problemas de cosecha, excepto los que ya est\u00e1n instalados<\/u>, y el impacto adverso fue muy fuerte para los sectores de la Pampa H\u00fameda.<\/p>\n<p><strong>\u2014Este a\u00f1o se proyectan siembras m\u00e1s tard\u00edas de trigo, \u00bfc\u00f3mo ves el invierno? \u00bfPuede haber problemas de excesos en la Regi\u00f3n Pampeana cuando estemos sembrando en junio o julio?\u00a0<\/strong><\/p>\n<p>\u2014En junio\/julio las lluvias oscilar\u00e1n alrededor de sus valores normales, no hay un argumento fuerte para decir otra cosa. En los lotes donde pueda sembrarse, los perfiles de humedad son excelentes. Donde no se pueda, se ir\u00e1 a siembras tard\u00edas y su concreci\u00f3n ser\u00e1 dependiente de los mecanismos f\u00edsicos que puedan mejorar el piso de los mismos. Pero esta cuesti\u00f3n es dependiente de fen\u00f3menos de escalas chicas.<\/p>\n<p><strong>\u2014En la franja central, la estrategia fue cuidar el agua en los suelos para producir m\u00e1s, siempre pensando en estrategias defensivas contra la sequ\u00eda. Pero en los \u00faltimos 3 a\u00f1os, pasamos de tener las napas de los 14 metros a 2 m, en gran parte de la Regi\u00f3n Pampeana y hasta verlas aflorando en los suelos. \u00bfCu\u00e1l es tu visi\u00f3n del clima en Argentina hoy para los pr\u00f3ximos a\u00f1os? \u00bfSe puede profundizar esta tendencia de m\u00e1s oferta de agua?<\/strong><\/p>\n<p>\u2014El aumento de la napa fre\u00e1tica es dependiente de un balance donde su mayor componente es sin dudas la\u00a0<strong>precipitaci\u00f3n<\/strong>. Viendo las series hist\u00f3ricas, hemos tenido situaciones de inundaciones en el pasado, siendo las m\u00e1s recientes las del noroeste de la Provincia de Buenos Aires y otras en regiones m\u00e1s chicas. El aumento de la napa fre\u00e1tica se da por lluvias y escurrimientos (superficiales y profundos) y \u00abla salida de agua y su descenso en napas\u00bb por percolaci\u00f3n (que se inhibe cuando la napa fre\u00e1tica es muy cercana a la superficie), evapotranspiraci\u00f3n y escurrimientos. Hay un factor importante que debe considerarse y es el que produce la siembra directa, y que corre a favor de dar un aporte a la capa fre\u00e1tica, pero sus ventajas para la producci\u00f3n son evidentes. De todos modos, esta ecuaci\u00f3n es muy complicada de resolver, pues hay que considerar la geomorfolog\u00eda y los procesos hidrol\u00f3gicos superficiales y profundos. Dado que \u00abel que manda es el aporte por lluvias\u00bb, en los pr\u00f3ximos a\u00f1os,\u00a0<strong>una mayor frecuencia de Ni\u00f1os<\/strong>\u00a0llevar\u00e1 a un escenario como el de tu pregunta. Y el cambio clim\u00e1tico har\u00e1 que tengamos\u00a0<strong>mayores a\u00f1os con Ni\u00f1o.<\/strong><\/p>\n<p><strong>\u2014Entonces, \u00bfse va a incrementar a\u00fan m\u00e1s la inestabilidad de la atm\u00f3sfera?<\/strong><\/p>\n<p>\u2014El cambio clim\u00e1tico sin dudas aumentar\u00e1 la inestabilidad atmosf\u00e9rica y se traducir\u00e1 en mayores efecto convectivos (lluvias de grandes montos en tiempos cortos), pulsos intensos de fr\u00edo y calor, r\u00e1fagas y tornados,\u00a0<strong>bloqueos<\/strong>\u00a0y otros.<\/p>\n<p><strong>\u2014\u00bfTenemos que planificar para consumir m\u00e1s agua en la agricultura que viene?\u00bfPensas que lo que pas\u00f3 nos tiene que prevenir y plantear un cambio serio en infraestructura y rotaciones agr\u00edcolas?<\/strong><\/p>\n<p>\u2014Me gusta la pregunta, pero solo la puedo responder parcialmente, o sea, s\u00ed, pienso que tu expresi\u00f3n \u00abconsumir m\u00e1s agua\u00bb es muy acertada y factible por la situaci\u00f3n clim\u00e1tica, y que a la larga marcar\u00e1 las rotaciones. Por un lado la falta de rotaciones, tuvieron su efecto, pero el factor que m\u00e1s peso tuvo en el ascenso de las napas fue el cambio clim\u00e1tico, y habr\u00e1 que idear estrategias conjuntas para moderar sus efectos.<\/p>\n<p><strong>\u2014Jos\u00e9 Luis, \u201cNi\u00f1a, Ni\u00f1o, neutro quiz\u00e1s\u201d, \u00bfse puede saber hoy c\u00f3mo va a estar actuando el pac\u00edfico para la pr\u00f3xima campa\u00f1a gruesa?<\/strong><\/p>\n<p>\u2014<strong>\u00a1Ni\u00f1a!<\/strong>,<strong>\u00a0<\/strong>hoy los modelos muestran una alta probabilidad de su instalaci\u00f3n. Hay que prepararse para una Ni\u00f1a que se instalar\u00eda\u00a0<strong>hacia septiembre 2016<\/strong>, y estar\u00edamos transitando la campa\u00f1a gruesa 2016\/17 bajo el peor escenario Pac\u00edfico dependiente. Creo que esto es lo que hay que seguir hoy con mucha atenci\u00f3n. Se pueden dar interesantes impactos negativos para la producci\u00f3n de la pr\u00f3xima gruesa, pero como dije hay que seguir esto bien de cerca.<\/p>\n<p><strong>Fuente: Nuestro Agro \/ BCR<\/strong><\/p>\n","protected":false},"excerpt":{"rendered":"<p>El Dr. Jos\u00e9 Aiello fue entrevistado por la Gu\u00eda Estrat\u00e9gica para el Agro y revel\u00f3 que el fen\u00f3meno tiene \u00abaltas chances de instalarse en septiembre\u00bb<\/p>\n","protected":false},"author":5,"featured_media":0,"comment_status":"open","ping_status":"open","sticky":false,"template":"","format":"standard","meta":[],"categories":[1],"tags":[1288,2961,2962,988],"_links":{"self":[{"href":"http:\/\/rurallascolonias.com.ar\/index.php?rest_route=\/wp\/v2\/posts\/10923"}],"collection":[{"href":"http:\/\/rurallascolonias.com.ar\/index.php?rest_route=\/wp\/v2\/posts"}],"about":[{"href":"http:\/\/rurallascolonias.com.ar\/index.php?rest_route=\/wp\/v2\/types\/post"}],"author":[{"embeddable":true,"href":"http:\/\/rurallascolonias.com.ar\/index.php?rest_route=\/wp\/v2\/users\/5"}],"replies":[{"embeddable":true,"href":"http:\/\/rurallascolonias.com.ar\/index.php?rest_route=%2Fwp%2Fv2%2Fcomments&post=10923"}],"version-history":[{"count":1,"href":"http:\/\/rurallascolonias.com.ar\/index.php?rest_route=\/wp\/v2\/posts\/10923\/revisions"}],"predecessor-version":[{"id":10925,"href":"http:\/\/rurallascolonias.com.ar\/index.php?rest_route=\/wp\/v2\/posts\/10923\/revisions\/10925"}],"wp:attachment":[{"href":"http:\/\/rurallascolonias.com.ar\/index.php?rest_route=%2Fwp%2Fv2%2Fmedia&parent=10923"}],"wp:term":[{"taxonomy":"category","embeddable":true,"href":"http:\/\/rurallascolonias.com.ar\/index.php?rest_route=%2Fwp%2Fv2%2Fcategories&post=10923"},{"taxonomy":"post_tag","embeddable":true,"href":"http:\/\/rurallascolonias.com.ar\/index.php?rest_route=%2Fwp%2Fv2%2Ftags&post=10923"}],"curies":[{"name":"wp","href":"https:\/\/api.w.org\/{rel}","templated":true}]}}