{"id":10920,"date":"2016-06-02T15:49:22","date_gmt":"2016-06-02T15:49:22","guid":{"rendered":"http:\/\/rurallascolonias.com.ar\/?p=10920"},"modified":"2016-06-02T15:49:22","modified_gmt":"2016-06-02T15:49:22","slug":"gonzalo-toselli-sancor-tiene-que-ver-con-nuestra-identidad","status":"publish","type":"post","link":"http:\/\/rurallascolonias.com.ar\/?p=10920","title":{"rendered":"Gonzalo Toselli: \u201cSanCor tiene que ver con nuestra identidad\u201d"},"content":{"rendered":"<p><strong><em><a href=\"http:\/\/rurallascolonias.com.ar\/?attachment_id=10921\" rel=\"attachment wp-att-10921\"><img loading=\"lazy\" class=\"aligncenter size-full wp-image-10921\" src=\"http:\/\/rurallascolonias.com.ar\/wp-content\/uploads\/2016\/06\/SanCor-2.jpg\" alt=\"SanCor 2\" width=\"267\" height=\"189\" \/><\/a>El intendente de Sunchales se manifest\u00f3 respecto de la delicada situaci\u00f3n que est\u00e1 atravesando la Cooperativa lechera. En todo el pa\u00eds la empresa tiene 4800 trabajadores<\/em><\/strong><!--more--><\/p>\n<p>Gonzalo Toselli, intendente de Sunchales, se refiri\u00f3 esta ma\u00f1ana a la situaci\u00f3n de la Cooperativa lechera Sancor, cuya planta est\u00e1 ubicada en esa localidad, y dijo que \u201cpara nosotros Sancor es muy importante en cuanto al movimiento de la actividad econ\u00f3mica pero va mas all\u00e1 porque Sancor tiene que ver con nuestra identidad, nosotros somos la capital nacional del cooperativismo\u201d y todo \u201cesto hace a nuestra idiosincrasia\u201d.<\/p>\n<p>En ese sentido consider\u00f3 que al ser \u201cla empresa es la m\u00e1s importante a nivel nacional, es muy importante que estemos todos los niveles de gobierno en esta situaci\u00f3n para acompa\u00f1ar a la empresa que est\u00e1 pasando un momento cr\u00edtico\u201d.<\/p>\n<p>Consultado acerca de la p\u00e9rdida de fuentes laborales, Toselli, sostuvo que \u201clo de los retiros voluntarios es una medida que se viene aplicando desde hace tiempo y tiene que ver con la reestructuraci\u00f3n de la empresa. Despidos no hubo\u201d.<\/p>\n<p>Por otro lado explic\u00f3 que \u201cen el per\u00edodo de 2003-2007 est\u00e1bamos en una situaci\u00f3n compleja tambi\u00e9n hasta que aparece la oportunidad del negocio con Venezuela, que fue muy bueno\u201d y aclar\u00f3 que \u201cson muchas las causas por las que estamos en este presente\u201d y algunas \u201ctienen que ver con una mirada distinta a otras empresas. Esta es un cooperativa con mucho compromiso con la comunidad, con el productor primario\u201d y es por esto que \u201clos distintos niveles del Estado tienen que estar presentes y acompa\u00f1ando\u201d.<\/p>\n<p>Para finalizar, el intendente de la ciudad de Sunchales, manifest\u00f3 que en los pr\u00f3ximos d\u00edas \u201cse realizar\u00e1 una reuni\u00f3n con funcionarios nacionales\u201d para intentar dar una soluci\u00f3n a la empresa que tiene 1500 trabajadores en esa localidad y 4800 en todo el pa\u00eds.<\/p>\n<p>Fuente: Notife<\/p>\n","protected":false},"excerpt":{"rendered":"<p>El intendente de Sunchales se manifest\u00f3 respecto de la delicada situaci\u00f3n que est\u00e1 atravesando la Cooperativa lechera. En todo el pa\u00eds la empresa tiene 4800 trabajadores<\/p>\n","protected":false},"author":5,"featured_media":0,"comment_status":"open","ping_status":"open","sticky":false,"template":"","format":"standard","meta":[],"categories":[42],"tags":[2959,2960,598],"_links":{"self":[{"href":"http:\/\/rurallascolonias.com.ar\/index.php?rest_route=\/wp\/v2\/posts\/10920"}],"collection":[{"href":"http:\/\/rurallascolonias.com.ar\/index.php?rest_route=\/wp\/v2\/posts"}],"about":[{"href":"http:\/\/rurallascolonias.com.ar\/index.php?rest_route=\/wp\/v2\/types\/post"}],"author":[{"embeddable":true,"href":"http:\/\/rurallascolonias.com.ar\/index.php?rest_route=\/wp\/v2\/users\/5"}],"replies":[{"embeddable":true,"href":"http:\/\/rurallascolonias.com.ar\/index.php?rest_route=%2Fwp%2Fv2%2Fcomments&post=10920"}],"version-history":[{"count":1,"href":"http:\/\/rurallascolonias.com.ar\/index.php?rest_route=\/wp\/v2\/posts\/10920\/revisions"}],"predecessor-version":[{"id":10922,"href":"http:\/\/rurallascolonias.com.ar\/index.php?rest_route=\/wp\/v2\/posts\/10920\/revisions\/10922"}],"wp:attachment":[{"href":"http:\/\/rurallascolonias.com.ar\/index.php?rest_route=%2Fwp%2Fv2%2Fmedia&parent=10920"}],"wp:term":[{"taxonomy":"category","embeddable":true,"href":"http:\/\/rurallascolonias.com.ar\/index.php?rest_route=%2Fwp%2Fv2%2Fcategories&post=10920"},{"taxonomy":"post_tag","embeddable":true,"href":"http:\/\/rurallascolonias.com.ar\/index.php?rest_route=%2Fwp%2Fv2%2Ftags&post=10920"}],"curies":[{"name":"wp","href":"https:\/\/api.w.org\/{rel}","templated":true}]}}