{"id":10914,"date":"2016-06-01T10:28:46","date_gmt":"2016-06-01T10:28:46","guid":{"rendered":"http:\/\/rurallascolonias.com.ar\/?p=10914"},"modified":"2016-06-01T14:30:56","modified_gmt":"2016-06-01T14:30:56","slug":"este-jueves-comienza-el-congreso-de-entes-y-fundaciones-de-lucha-sanitaria-animal","status":"publish","type":"post","link":"http:\/\/rurallascolonias.com.ar\/?p=10914","title":{"rendered":"Este jueves comienza el Congreso de Entes y Fundaciones de Lucha Sanitaria Animal"},"content":{"rendered":"<p><strong><em><a href=\"http:\/\/rurallascolonias.com.ar\/?attachment_id=10915\" rel=\"attachment wp-att-10915\"><img loading=\"lazy\" class=\"aligncenter wp-image-10915 size-medium\" src=\"http:\/\/rurallascolonias.com.ar\/wp-content\/uploads\/2016\/06\/congreso-300x170.jpg\" alt=\"congreso\" width=\"300\" height=\"170\" srcset=\"http:\/\/rurallascolonias.com.ar\/wp-content\/uploads\/2016\/06\/congreso-300x170.jpg 300w, http:\/\/rurallascolonias.com.ar\/wp-content\/uploads\/2016\/06\/congreso-600x340.jpg 600w, http:\/\/rurallascolonias.com.ar\/wp-content\/uploads\/2016\/06\/congreso.jpg 615w\" sizes=\"(max-width: 300px) 100vw, 300px\" \/><\/a>2 y 3 de junio en Santa Fe. Conozca el programa de las tem\u00e1ticas y disertantes<\/em><\/strong><!--more--><\/p>\n<p>Este jueves comienza la 5ta edici\u00f3n del Congreso de Entes y Fundaciones de Lucha Sanitaria Animal que se llevar\u00e1 a cabo el 2 y 3 de junio en la ciudad de Santa Fe, en el Hotel Los Silos, crecen las expectativas en lo que ser\u00e1 un encuentro que reunir\u00e1 a productores agropecuarios, dirigentes, funcionarios, t\u00e9cnicos, ingenieros agr\u00f3nomos y veterinarios de todo el pa\u00eds.<\/p>\n<p>Bajo el slogan \u201cEl Compromiso de la Producci\u00f3n en la relaci\u00f3n de la Sanidad Animal y la Salud\u201d, quienes no se hayan a\u00fan inscripto pueden hacerlo ingresando a <a href=\"http:\/\/carsfe.com.ar\/registro-al-congreso\/\">http:\/\/carsfe.com.ar\/registro-al-congreso\/<\/a><\/p>\n<p><b>Programa: D\u00eda jueves 02\/06:<\/b><\/p>\n<p>09.30 horas:<br \/>\nActo de apertura con la presencia de los presidente de CRA, Dardo Chiesa y de CARSFE, Gustavo Vionnet, m\u00e1s autoridades y funcionarios locales y de la provincia de Santa Fe.<\/p>\n<p>10.00 horas:<br \/>\nCharla: Mirada Sanitaria Nacional del SENASA a cargo de su presidente Jorge Dill\u00f3n.<\/p>\n<p>11.00 horas:<br \/>\nCharla: Situaci\u00f3n sanitaria de las provincias y las barreras sanitarias a cargo de representantes provinciales.<\/p>\n<p>12.15 horas:<br \/>\nCharla: Tendencia Mundial de la Producci\u00f3n Animal en funci\u00f3n de las demandas de la sociedad. Estar\u00e1n el representante de la OIE (International Conference on Animal Identification and Traceability), Luis Barcos y el ministro de Medio Ambiente de la Naci\u00f3n, Sergio Bergman.<\/p>\n<p>14.00 horas:<br \/>\nCharla: Exposici\u00f3n de representantes de Biog\u00e9nesis Bag\u00f3.<\/p>\n<p>15.00 horas:<br \/>\nCharla: Status sanitarios de los pa\u00edses lim\u00edtrofes.<\/p>\n<p>16.00 horas:<br \/>\nCharla: Rol de los entes sanitarios y su futuro. Visi\u00f3n del SENASA a cargo de su presidente, Jorge Dill\u00f3n y la visi\u00f3n de CRA a trav\u00e9s de su presidente Dardo Chiesa.<\/p>\n<p>17.30 horas:<br \/>\nTaller sobre el rol de los entes sanitarios.<\/p>\n<p><b>Programa: D\u00eda viernes 03\/06:<\/b><\/p>\n<p>08.30 horas:<br \/>\nCharla: Trazabilidad, pre-despachos y autogesti\u00f3n. Visi\u00f3n del SENASA. Propuesta de CRA.<\/p>\n<p>9:00 horas:<br \/>\nTaller\/ Debate.<\/p>\n<p>10:30 horas:<br \/>\nCharla: Visi\u00f3n y propuesta sanitaria de la provincia de Santa Fe.<\/p>\n<p>11.00 horas:<br \/>\nCharla: Rol de la profesi\u00f3n veterinaria en la estructura sanitaria argentina a trav\u00e9s del presidente del Colegio M\u00e9dico Veterinario Feder\u00edco Berger.<\/p>\n<p>11:30 horas:<br \/>\n1\u00b0 Panel a cargo de los jefes de programa sanitarios de cada enfermedad de SENASA: anemia infecciosa equina, rabia paresiante, carbunclo bienestar animal y residuos en productos.<\/p>\n<p>14.30 horas:<br \/>\n2\u00b0 Panel a cargo de los jefes de programa sanitarios de cada enfermedad de SENASA: garrapata; aftosa; brucelosis y tuberculosis.<\/p>\n<p>15.30 horas:<br \/>\nConclusiones.<\/p>\n<p>15.45 horas:<br \/>\nTaller sanitario inter provincial publico\/privado (RES 38\/15), garrapata, AIE, bienestar animal, carbunclo, y rabia paresiante.<\/p>\n<p>17.30 horas:<br \/>\nConclusiones y cierre.<\/p>\n<p>&nbsp;<\/p>\n","protected":false},"excerpt":{"rendered":"<p>2 y 3 de junio en Santa Fe. Conozca el programa de las tem\u00e1ticas y disertantes<\/p>\n","protected":false},"author":5,"featured_media":0,"comment_status":"open","ping_status":"open","sticky":false,"template":"","format":"standard","meta":[],"categories":[42],"tags":[2957],"_links":{"self":[{"href":"http:\/\/rurallascolonias.com.ar\/index.php?rest_route=\/wp\/v2\/posts\/10914"}],"collection":[{"href":"http:\/\/rurallascolonias.com.ar\/index.php?rest_route=\/wp\/v2\/posts"}],"about":[{"href":"http:\/\/rurallascolonias.com.ar\/index.php?rest_route=\/wp\/v2\/types\/post"}],"author":[{"embeddable":true,"href":"http:\/\/rurallascolonias.com.ar\/index.php?rest_route=\/wp\/v2\/users\/5"}],"replies":[{"embeddable":true,"href":"http:\/\/rurallascolonias.com.ar\/index.php?rest_route=%2Fwp%2Fv2%2Fcomments&post=10914"}],"version-history":[{"count":1,"href":"http:\/\/rurallascolonias.com.ar\/index.php?rest_route=\/wp\/v2\/posts\/10914\/revisions"}],"predecessor-version":[{"id":10916,"href":"http:\/\/rurallascolonias.com.ar\/index.php?rest_route=\/wp\/v2\/posts\/10914\/revisions\/10916"}],"wp:attachment":[{"href":"http:\/\/rurallascolonias.com.ar\/index.php?rest_route=%2Fwp%2Fv2%2Fmedia&parent=10914"}],"wp:term":[{"taxonomy":"category","embeddable":true,"href":"http:\/\/rurallascolonias.com.ar\/index.php?rest_route=%2Fwp%2Fv2%2Fcategories&post=10914"},{"taxonomy":"post_tag","embeddable":true,"href":"http:\/\/rurallascolonias.com.ar\/index.php?rest_route=%2Fwp%2Fv2%2Ftags&post=10914"}],"curies":[{"name":"wp","href":"https:\/\/api.w.org\/{rel}","templated":true}]}}