{"id":10906,"date":"2016-06-01T10:01:39","date_gmt":"2016-06-01T10:01:39","guid":{"rendered":"http:\/\/rurallascolonias.com.ar\/?p=10906"},"modified":"2016-06-01T12:06:02","modified_gmt":"2016-06-01T12:06:02","slug":"presentan-sistema-para-monitorear-emergencia-en-el-agro","status":"publish","type":"post","link":"http:\/\/rurallascolonias.com.ar\/?p=10906","title":{"rendered":"Presentan sistema para monitorear emergencia en el agro"},"content":{"rendered":"<p><strong><em><a href=\"http:\/\/rurallascolonias.com.ar\/?attachment_id=8628\" rel=\"attachment wp-att-8628\"><img loading=\"lazy\" class=\"aligncenter size-full wp-image-8628\" src=\"http:\/\/rurallascolonias.com.ar\/wp-content\/uploads\/2015\/11\/inundaciones.jpg\" alt=\"inundaciones\" width=\"300\" height=\"168\" \/><\/a>El Ministerio de Agroindustria present\u00f3 ayer el Sistema de Monitoreo para la Emergencia de Precisi\u00f3n, por el cual se analizar\u00e1 en tiempo real las amenazas de potencial afectaci\u00f3n en la actividad agropecuaria, el pron\u00f3stico para generar acciones preventivas y un protocolo de an\u00e1lisis t\u00e9cnico de los decretos de emergencia y desastre agropecuarios<\/em><\/strong><!--more--><\/p>\n<p>El sistema fue presentado por el secretario de Coordinaci\u00f3n y Desarrollo Territorial, Santiago Hardie; los subsecretarios de Coordinaci\u00f3n Pol\u00edtica, Hugo Rossi; y de Informaci\u00f3n y Estad\u00edstica P\u00fablica, Rodrigo Bunge, y el director Nacional de Emergencias y Desastres Agropecuarios, Javier Caniggia Bengolea.<br \/>\n\u201cSe trata de un nuevo instrumento que permitir\u00e1, a trav\u00e9s de la superposici\u00f3n de capas de informaci\u00f3n, realizar an\u00e1lisis calificados fundamentales para la gesti\u00f3n de pol\u00edticas que nos aseguren dirigir los recursos del estado de la manera m\u00e1s r\u00e1pida y eficaz, explic\u00f3 Hardie.<\/p>\n<p>El proyecto se nutre de informaci\u00f3n de distintas \u00e1reas de datos del Ministerio de Agroindustria, la Comisi\u00f3n Nacional de Actividades Espaciales (Conae), el Servicio Meteorol\u00f3gico Nacional (SMN); El Instituto Geogr\u00e1fico Nacional (IGN); el Instituto Nacional del Agua (INA) y Vialidad Nacional.<\/p>\n<p>Fuente: Agritotal<\/p>\n","protected":false},"excerpt":{"rendered":"<p>El Ministerio de Agroindustria present\u00f3 ayer el Sistema de Monitoreo para la Emergencia de Precisi\u00f3n, por el cual se analizar\u00e1 en tiempo real las amenazas de potencial afectaci\u00f3n en la actividad agropecuaria, el pron\u00f3stico para generar acciones preventivas y un protocolo de an\u00e1lisis t\u00e9cnico de los decretos de emergencia y desastre agropecuarios<\/p>\n","protected":false},"author":5,"featured_media":0,"comment_status":"open","ping_status":"open","sticky":false,"template":"","format":"standard","meta":[],"categories":[865],"tags":[110,522,1188,1487],"_links":{"self":[{"href":"http:\/\/rurallascolonias.com.ar\/index.php?rest_route=\/wp\/v2\/posts\/10906"}],"collection":[{"href":"http:\/\/rurallascolonias.com.ar\/index.php?rest_route=\/wp\/v2\/posts"}],"about":[{"href":"http:\/\/rurallascolonias.com.ar\/index.php?rest_route=\/wp\/v2\/types\/post"}],"author":[{"embeddable":true,"href":"http:\/\/rurallascolonias.com.ar\/index.php?rest_route=\/wp\/v2\/users\/5"}],"replies":[{"embeddable":true,"href":"http:\/\/rurallascolonias.com.ar\/index.php?rest_route=%2Fwp%2Fv2%2Fcomments&post=10906"}],"version-history":[{"count":1,"href":"http:\/\/rurallascolonias.com.ar\/index.php?rest_route=\/wp\/v2\/posts\/10906\/revisions"}],"predecessor-version":[{"id":10907,"href":"http:\/\/rurallascolonias.com.ar\/index.php?rest_route=\/wp\/v2\/posts\/10906\/revisions\/10907"}],"wp:attachment":[{"href":"http:\/\/rurallascolonias.com.ar\/index.php?rest_route=%2Fwp%2Fv2%2Fmedia&parent=10906"}],"wp:term":[{"taxonomy":"category","embeddable":true,"href":"http:\/\/rurallascolonias.com.ar\/index.php?rest_route=%2Fwp%2Fv2%2Fcategories&post=10906"},{"taxonomy":"post_tag","embeddable":true,"href":"http:\/\/rurallascolonias.com.ar\/index.php?rest_route=%2Fwp%2Fv2%2Ftags&post=10906"}],"curies":[{"name":"wp","href":"https:\/\/api.w.org\/{rel}","templated":true}]}}