{"id":10882,"date":"2016-05-30T10:12:52","date_gmt":"2016-05-30T10:12:52","guid":{"rendered":"http:\/\/rurallascolonias.com.ar\/?p=10882"},"modified":"2016-05-30T17:21:08","modified_gmt":"2016-05-30T17:21:08","slug":"este-jueves-comienza-el-congreso-sobre-sanidad-animal-en-santa-fe","status":"publish","type":"post","link":"http:\/\/rurallascolonias.com.ar\/?p=10882","title":{"rendered":"Este jueves comienza el Congreso sobre sanidad animal en Santa Fe"},"content":{"rendered":"<p><strong><em><a href=\"http:\/\/rurallascolonias.com.ar\/?attachment_id=10883\" rel=\"attachment wp-att-10883\"><img loading=\"lazy\" class=\"aligncenter wp-image-10883 size-medium\" src=\"http:\/\/rurallascolonias.com.ar\/wp-content\/uploads\/2016\/05\/congreso-300x170.jpg\" alt=\"congreso\" width=\"300\" height=\"170\" srcset=\"http:\/\/rurallascolonias.com.ar\/wp-content\/uploads\/2016\/05\/congreso-300x170.jpg 300w, http:\/\/rurallascolonias.com.ar\/wp-content\/uploads\/2016\/05\/congreso-600x340.jpg 600w, http:\/\/rurallascolonias.com.ar\/wp-content\/uploads\/2016\/05\/congreso.jpg 615w\" sizes=\"(max-width: 300px) 100vw, 300px\" \/><\/a>Mir\u00e1 las conclusiones de representantes del Chile y Paraguay en el Congreso 2015<\/em><\/strong><!--more--><\/p>\n<p>Este jueves comienza el 5to Congreso de Entes y Fundaciones de Lucha Sanitaria Animal que se llevar\u00e1 a cabo el 2 y 3 de junio en la ciudad de Santa Fe, en el Hotel Los Silos, crecen las expectativas en lo que ser\u00e1 un encuentro que reunir\u00e1 a productores agropecuarios, dirigentes, funcionarios, t\u00e9cnicos, ingenieros agr\u00f3nomos y veterinarios de todo el pa\u00eds.<\/p>\n<p>Bajo el slogan \u201cEl Compromiso de la Producci\u00f3n en la relaci\u00f3n de la Sanidad Animal y la Salud\u201d, quienes no se hayan a\u00fan inscripto pueden hacerlo ingresando a <a href=\"http:\/\/carsfe.com.ar\/registro-al-congreso\/\" target=\"_blank\" rel=\"nofollow\">http:\/\/carsfe.com.ar\/registro-al-congreso\/<\/a><\/p>\n<p>CRA<\/p>\n","protected":false},"excerpt":{"rendered":"<p>Mir\u00e1 las conclusiones de representantes del Chile y Paraguay en el Congreso 2015<\/p>\n","protected":false},"author":5,"featured_media":0,"comment_status":"open","ping_status":"open","sticky":false,"template":"","format":"standard","meta":[],"categories":[14],"tags":[773,1444,119],"_links":{"self":[{"href":"http:\/\/rurallascolonias.com.ar\/index.php?rest_route=\/wp\/v2\/posts\/10882"}],"collection":[{"href":"http:\/\/rurallascolonias.com.ar\/index.php?rest_route=\/wp\/v2\/posts"}],"about":[{"href":"http:\/\/rurallascolonias.com.ar\/index.php?rest_route=\/wp\/v2\/types\/post"}],"author":[{"embeddable":true,"href":"http:\/\/rurallascolonias.com.ar\/index.php?rest_route=\/wp\/v2\/users\/5"}],"replies":[{"embeddable":true,"href":"http:\/\/rurallascolonias.com.ar\/index.php?rest_route=%2Fwp%2Fv2%2Fcomments&post=10882"}],"version-history":[{"count":1,"href":"http:\/\/rurallascolonias.com.ar\/index.php?rest_route=\/wp\/v2\/posts\/10882\/revisions"}],"predecessor-version":[{"id":10884,"href":"http:\/\/rurallascolonias.com.ar\/index.php?rest_route=\/wp\/v2\/posts\/10882\/revisions\/10884"}],"wp:attachment":[{"href":"http:\/\/rurallascolonias.com.ar\/index.php?rest_route=%2Fwp%2Fv2%2Fmedia&parent=10882"}],"wp:term":[{"taxonomy":"category","embeddable":true,"href":"http:\/\/rurallascolonias.com.ar\/index.php?rest_route=%2Fwp%2Fv2%2Fcategories&post=10882"},{"taxonomy":"post_tag","embeddable":true,"href":"http:\/\/rurallascolonias.com.ar\/index.php?rest_route=%2Fwp%2Fv2%2Ftags&post=10882"}],"curies":[{"name":"wp","href":"https:\/\/api.w.org\/{rel}","templated":true}]}}