{"id":10867,"date":"2016-05-27T17:58:52","date_gmt":"2016-05-27T17:58:52","guid":{"rendered":"http:\/\/rurallascolonias.com.ar\/?p=10867"},"modified":"2016-05-27T17:58:52","modified_gmt":"2016-05-27T17:58:52","slug":"santa-fe-proponen-crear-una-consignataria-de-leche-cruda-para-centralizar-la-oferta","status":"publish","type":"post","link":"http:\/\/rurallascolonias.com.ar\/?p=10867","title":{"rendered":"Santa Fe: Proponen crear una consignataria de leche cruda para centralizar la oferta"},"content":{"rendered":"<p><em><strong><a href=\"http:\/\/rurallascolonias.com.ar\/?attachment_id=10868\" rel=\"attachment wp-att-10868\"><img loading=\"lazy\" class=\"aligncenter wp-image-10868 size-medium\" src=\"http:\/\/rurallascolonias.com.ar\/wp-content\/uploads\/2016\/05\/reuni\u00f3n-x-leche-cruda-300x169.jpg\" alt=\"reuni\u00f3n x leche cruda\" width=\"300\" height=\"169\" srcset=\"http:\/\/rurallascolonias.com.ar\/wp-content\/uploads\/2016\/05\/reuni\u00f3n-x-leche-cruda-300x169.jpg 300w, http:\/\/rurallascolonias.com.ar\/wp-content\/uploads\/2016\/05\/reuni\u00f3n-x-leche-cruda.jpg 768w, http:\/\/rurallascolonias.com.ar\/wp-content\/uploads\/2016\/05\/reuni\u00f3n-x-leche-cruda-600x338.jpg 600w, http:\/\/rurallascolonias.com.ar\/wp-content\/uploads\/2016\/05\/reuni\u00f3n-x-leche-cruda-624x351.jpg 624w\" sizes=\"(max-width: 300px) 100vw, 300px\" \/><\/a>Funcionarios del Ministerio de la Producci\u00f3n se reunieron en la capital provincial con productores para abordar diversas demandas del sector l\u00e1cteo<\/strong><\/em><!--more--><\/p>\n<p>Funcionarios del Ministerio de la Producci\u00f3n se reunieron este jueves en la ciudad de Santa Fe con representantes de pooles lecheros y cooperativas de tamberos con el objeto de avanzar en la constituci\u00f3n de una consignataria de leche cruda que centralice parte de la oferta.<\/p>\n<p>En ese marco, durante el encuentro se evaluaron diferentes formas asociativas, cuestiones legales, comerciales e impositivas. Cabe recordar que la comercializaci\u00f3n de leche cruda es la que se realiza entre el tambero y la industria, sin procesos de industrializaci\u00f3n ni pasteurizaci\u00f3n<\/p>\n<p>En otro tramo de la reuni\u00f3n, se evalu\u00f3 la situaci\u00f3n del sector l\u00e1cteo en su conjunto, as\u00ed como tambi\u00e9n el efecto de las inundaciones, los valores que se pagan por la producci\u00f3n y las perspectivas a futuro.<\/p>\n<p>Adem\u00e1s, se avanz\u00f3 en la conformaci\u00f3n de una comisi\u00f3n para realizar las pr\u00f3ximas convocatorias y se estableci\u00f3 fecha para un nuevo encuentro a realizarse la semana pr\u00f3xima junto con asesores legales, a los fines de ir definiendo la constituci\u00f3n de la consignataria.<\/p>\n<p>Del encuentro, llevado a cabo en el sal\u00f3n Amarillo de la cartera productiva, participaron el secretario de Lecher\u00eda, Pedro Morini; y el director provincial de Lecher\u00eda, Marcelo Bargellini<\/p>\n<p>Fuente: Edicionrural<\/p>\n","protected":false},"excerpt":{"rendered":"<p>Funcionarios del Ministerio de la Producci\u00f3n se reunieron en la capital provincial con productores para abordar diversas demandas del sector l\u00e1cteo<\/p>\n","protected":false},"author":5,"featured_media":0,"comment_status":"open","ping_status":"open","sticky":false,"template":"","format":"standard","meta":[],"categories":[1393],"tags":[2590,466,119],"_links":{"self":[{"href":"http:\/\/rurallascolonias.com.ar\/index.php?rest_route=\/wp\/v2\/posts\/10867"}],"collection":[{"href":"http:\/\/rurallascolonias.com.ar\/index.php?rest_route=\/wp\/v2\/posts"}],"about":[{"href":"http:\/\/rurallascolonias.com.ar\/index.php?rest_route=\/wp\/v2\/types\/post"}],"author":[{"embeddable":true,"href":"http:\/\/rurallascolonias.com.ar\/index.php?rest_route=\/wp\/v2\/users\/5"}],"replies":[{"embeddable":true,"href":"http:\/\/rurallascolonias.com.ar\/index.php?rest_route=%2Fwp%2Fv2%2Fcomments&post=10867"}],"version-history":[{"count":1,"href":"http:\/\/rurallascolonias.com.ar\/index.php?rest_route=\/wp\/v2\/posts\/10867\/revisions"}],"predecessor-version":[{"id":10869,"href":"http:\/\/rurallascolonias.com.ar\/index.php?rest_route=\/wp\/v2\/posts\/10867\/revisions\/10869"}],"wp:attachment":[{"href":"http:\/\/rurallascolonias.com.ar\/index.php?rest_route=%2Fwp%2Fv2%2Fmedia&parent=10867"}],"wp:term":[{"taxonomy":"category","embeddable":true,"href":"http:\/\/rurallascolonias.com.ar\/index.php?rest_route=%2Fwp%2Fv2%2Fcategories&post=10867"},{"taxonomy":"post_tag","embeddable":true,"href":"http:\/\/rurallascolonias.com.ar\/index.php?rest_route=%2Fwp%2Fv2%2Ftags&post=10867"}],"curies":[{"name":"wp","href":"https:\/\/api.w.org\/{rel}","templated":true}]}}