{"id":10817,"date":"2016-05-22T23:09:57","date_gmt":"2016-05-22T23:09:57","guid":{"rendered":"http:\/\/rurallascolonias.com.ar\/?p=10817"},"modified":"2016-05-22T23:09:57","modified_gmt":"2016-05-22T23:09:57","slug":"red-vial-santa-fe-creo-la-comision-de-caminos-rurales","status":"publish","type":"post","link":"http:\/\/rurallascolonias.com.ar\/?p=10817","title":{"rendered":"Red Vial: Santa Fe cre\u00f3 la comisi\u00f3n de Caminos Rurales"},"content":{"rendered":"<p><strong><em><a href=\"http:\/\/rurallascolonias.com.ar\/?attachment_id=10818\" rel=\"attachment wp-att-10818\"><img loading=\"lazy\" class=\"aligncenter size-full wp-image-10818\" src=\"http:\/\/rurallascolonias.com.ar\/wp-content\/uploads\/2016\/05\/caminos-rurales.jpg\" alt=\"caminos rurales\" width=\"306\" height=\"165\" srcset=\"http:\/\/rurallascolonias.com.ar\/wp-content\/uploads\/2016\/05\/caminos-rurales.jpg 306w, http:\/\/rurallascolonias.com.ar\/wp-content\/uploads\/2016\/05\/caminos-rurales-300x162.jpg 300w\" sizes=\"(max-width: 306px) 100vw, 306px\" \/><\/a>Integrada por productores de Carsfe, Federaci\u00f3n Agraria y Coninagro<\/em><\/strong><!--more--><\/p>\n<p>La Resoluci\u00f3n N\u00ba 522\/16, a trav\u00e9s de la cual se destinar\u00e1n fondos para recomponer la red vial rural, crea la Comisi\u00f3n de Caminos Comunales cuyo objetivo ser\u00e1 trazar un plan estrat\u00e9gico ante la emergencia vial dictada por la provincia<\/p>\n<p class=\"selectionShareable\">Tras un encuentro en la sede del Ministerio de la Producci\u00f3n, del que participaron el ministro Luis Contigiani; los subsecretarios Carlos Corval\u00e1n y Pedro Morini; el administrador de Vialidad Pablo Seghezzo y Roberto Ti\u00f3n y productores de Federaci\u00f3n Agraria, Coninagro y Carsfe, se present\u00f3 la Resoluci\u00f3n 522\/16 (bajo el decreto de Emergencia Vial 0985\/2016), que establece el giro de recursos extraordinarios por 120 d\u00edas por la emergencia.<\/p>\n<p class=\"selectionShareable\">\nEn di\u00e1logo con El Litoral, Diego Fournell, titular de la Rural de San Carlos, manifest\u00f3 que en una primera etapa la partida ser\u00e1 de 300 millones de pesos para mejorar los caminos de ripio y tierra.<\/p>\n<p class=\"selectionShareable\">\n\u201cPara los municipios que tengan maquinaria propia, en una primera partida se le enviar\u00e1 a raz\u00f3n de 600 pesos por kil\u00f3metro de camino rural, 1.200 pesos a las que no tengan maquinaria y 30 mil pesos por kil\u00f3metro para la reconstrucci\u00f3n de ripio. Por ello, es que est\u00e1n haciendo el pedido a las comunas y analizando los datos\u201d, apunt\u00f3.<\/p>\n<p class=\"selectionShareable\">\nFournell agreg\u00f3 que de 363 comunas y municipios, s\u00f3lo 240 contestaron y en principio 80 solamente estaban en orden, las otras mostraban inconsistencias o faltante de datos.<\/p>\n<p class=\"selectionShareable\">\n\u201cAquellas que s\u00ed est\u00e9n en condiciones, recibir\u00e1n el dinero la pr\u00f3xima semana junto a la Resoluci\u00f3n 522\/16, y los nombres de representantes que participar\u00e1n de la Comisi\u00f3n de Caminos. All\u00ed, estar\u00e1n 5 productores, el titular de la comuna ser\u00e1 el presidente de la Comisi\u00f3n y de los 5 chacareros -dos los elige el presidente comunal- y los otros tres van por la entidades\u201d, precis\u00f3.<\/p>\n<p class=\"selectionShareable\">\n<strong>Objetivos<\/strong><\/p>\n<p class=\"selectionShareable\">\nEl presidente de la Rural destac\u00f3 que la funci\u00f3n de los productores dentro de la Comisi\u00f3n ser\u00e1 trazar un plan estrat\u00e9gico, en principio para los caminos troncales y prioritarios. \u201cEl objetivo principal ser\u00e1 recuperar la transitabilidad. Una vez que esa etapa se concluye y la plata est\u00e1 utilizada, se certifica y los productores de esa comisi\u00f3n deben dar el visto bueno y firmar. Ese documento se env\u00eda a Vialidad Provincial para que se remita una nueva partida de recursos. Dentro de esa partida tambi\u00e9n hay recursos para entubados\u201d, apunt\u00f3.<\/p>\n<p class=\"selectionShareable\">\nPor \u00faltimo, Forunell agradeci\u00f3 al gobierno provincial la posibilidad de que el sector productivo pueda participar de este proyecto, para que los recursos se plasmen en obras.<\/p>\n<p class=\"selectionShareable\">\n\u201cDesde la Sociedad Rural de San Carlos, se armaron 12 distritos que incluyen: Sa Pereira, San Jer\u00f3nimo del Sauce, San Jer\u00f3nimo Norte, Las Tunas, Franck, San Agust\u00edn, Matilde, San Carlos Centro, Sud y Norte, San Mariano y Larrechea\u201d.<\/p>\n<p class=\"selectionShareable\">\n<p class=\"selectionShareable\"><strong>Disminuyen 50% la Tasa por Hect\u00e1rea<\/strong><\/p>\n<p class=\"selectionShareable\">\nTras el fuerte temporal que afect\u00f3 gravemente la producci\u00f3n agr\u00edcola y ganadera de la provincia, y en particular al departamento Las Colonias, la comuna de La Pelada -imitando una resoluci\u00f3n tomada por el gobierno de San Carlos Centro- decidi\u00f3 descontar el 50% de la Tasa por Hect\u00e1rea a productores afectados por la emergencia h\u00eddrica.<\/p>\n<p class=\"selectionShareable\">\nMediante un comunicado explica que \u201cen virtud de la emergencia h\u00eddrica registrada en nuestra zona, aquellos productores que se encuentren al d\u00eda con sus cuotas de Tasa por Hect\u00e1rea hasta el a\u00f1o 2015, recibir\u00e1n un descuento por \u00fanica vez, en la tercera cuota (con vencimiento 21\/06\/2016) del cincuenta por ciento (50%) del citado tributo. El plazo de regularizaci\u00f3n de deudas vence el 31 de mayo de 2016\u201d, apuntaron desde el Ejecutivo local.<\/p>\n<p class=\"selectionShareable\">\nPor otra parte, ayer al mediod\u00eda el ministro de la Producci\u00f3n, Luis Contigiani, se refiri\u00f3 al impacto de la emergencia h\u00eddrica en la cosecha gruesa, la lecher\u00eda, la ganader\u00eda vacuna y las econom\u00edas regionales. \u201cLa cifra al d\u00eda de hoy est\u00e1 estimada entre los 2.000 y los 2.500 millones de d\u00f3lares en p\u00e9rdidas. Esto abarca cosecha gruesa, lecher\u00eda, ganader\u00eda vacuna y econom\u00edas regionales, sin incluir infraestructura\u201d, asever\u00f3 Contigiani.<\/p>\n<p class=\"selectionShareable\">Jos\u00e9 Zenclussen<\/p>\n","protected":false},"excerpt":{"rendered":"<p>Integrada por productores de Carsfe, Federaci\u00f3n Agraria y Coninagro<\/p>\n","protected":false},"author":5,"featured_media":0,"comment_status":"open","ping_status":"open","sticky":false,"template":"","format":"standard","meta":[],"categories":[1393],"tags":[2922,2921,119],"_links":{"self":[{"href":"http:\/\/rurallascolonias.com.ar\/index.php?rest_route=\/wp\/v2\/posts\/10817"}],"collection":[{"href":"http:\/\/rurallascolonias.com.ar\/index.php?rest_route=\/wp\/v2\/posts"}],"about":[{"href":"http:\/\/rurallascolonias.com.ar\/index.php?rest_route=\/wp\/v2\/types\/post"}],"author":[{"embeddable":true,"href":"http:\/\/rurallascolonias.com.ar\/index.php?rest_route=\/wp\/v2\/users\/5"}],"replies":[{"embeddable":true,"href":"http:\/\/rurallascolonias.com.ar\/index.php?rest_route=%2Fwp%2Fv2%2Fcomments&post=10817"}],"version-history":[{"count":1,"href":"http:\/\/rurallascolonias.com.ar\/index.php?rest_route=\/wp\/v2\/posts\/10817\/revisions"}],"predecessor-version":[{"id":10819,"href":"http:\/\/rurallascolonias.com.ar\/index.php?rest_route=\/wp\/v2\/posts\/10817\/revisions\/10819"}],"wp:attachment":[{"href":"http:\/\/rurallascolonias.com.ar\/index.php?rest_route=%2Fwp%2Fv2%2Fmedia&parent=10817"}],"wp:term":[{"taxonomy":"category","embeddable":true,"href":"http:\/\/rurallascolonias.com.ar\/index.php?rest_route=%2Fwp%2Fv2%2Fcategories&post=10817"},{"taxonomy":"post_tag","embeddable":true,"href":"http:\/\/rurallascolonias.com.ar\/index.php?rest_route=%2Fwp%2Fv2%2Ftags&post=10817"}],"curies":[{"name":"wp","href":"https:\/\/api.w.org\/{rel}","templated":true}]}}