{"id":10814,"date":"2016-05-21T11:58:45","date_gmt":"2016-05-21T11:58:45","guid":{"rendered":"http:\/\/rurallascolonias.com.ar\/?p=10814"},"modified":"2016-05-21T11:58:45","modified_gmt":"2016-05-21T11:58:45","slug":"hoy-comienza-el-6-encuentro-de-ateneos-de-carsfe-en-esperanza","status":"publish","type":"post","link":"http:\/\/rurallascolonias.com.ar\/?p=10814","title":{"rendered":"HOY COMIENZA EL 6\u00b0 ENCUENTRO DE ATENEOS DE CARSFE EN ESPERANZA"},"content":{"rendered":"<p><em><strong><a href=\"http:\/\/rurallascolonias.com.ar\/?attachment_id=10815\" rel=\"attachment wp-att-10815\"><img loading=\"lazy\" class=\"alignleft size-full wp-image-10815\" src=\"http:\/\/rurallascolonias.com.ar\/wp-content\/uploads\/2016\/05\/ateneo-carsfe.jpg\" alt=\"ateneo carsfe\" width=\"255\" height=\"198\" \/><\/a>Hoy,\u00a0en la Sociedad Rural de Las Colonias, dar\u00e1 inicio el Sexto Encuentro de Ateneos CARSFE que contar\u00e1 con la presencia de un centenar de j\u00f3venes llegados desde distintos puntos de la provincia<\/strong><\/em><!--more--><\/p>\n<p>Programa:<\/p>\n<p>6\u00aa Encuentro de J\u00f3venes Atene\u00edstas de Carsfe<\/p>\n<div>Sabado 21 y Domingo 22 de mayo:<\/div>\n<div>-8hs acreditaciones<\/div>\n<div>-8,30hs Acto apertura<\/div>\n<div>-9hs Cristian Cesano disertar\u00e1 sobre \u00abNutrici\u00f3n Animal\u00bb<\/div>\n<div>-10hs Jos\u00e9 L. Alonso sobre \u00abSituaci\u00f3n Agroecon\u00f3mica de la Pcia\u00bb<\/div>\n<div>11hs Luis Ledri y Steffania Gal\u00e1n -Pte y vice respectivamente- de Ateneos Las Colonias \u00a0dando una charla sobre estructura gremial de CRA y Ateneos CRA<\/div>\n<div>-12hs Almuerzo<\/div>\n<div>-14hs Retoman actividades: Hugo Erbetta y Rub\u00e9n Elz disertar\u00e1n sobre \u00abLiderazgo y din\u00e1mica de grupo\u00bb<\/div>\n<div>-16hs Pablo Tibal dando un curso de oratoria<\/div>\n<div>-19hs Finaliza el encuentro<\/div>\n<div>21,30 Cena de camarader\u00eda<\/div>\n<div><\/div>\n<div>Domingo: a las 12 hs es la reuni\u00f3n de Delegados de Ateneos Carsfe<\/div>\n","protected":false},"excerpt":{"rendered":"<p>Hoy,\u00a0en la Sociedad Rural de Las Colonias, dar\u00e1 inicio el Sexto Encuentro de Ateneos CARSFE que contar\u00e1 con la presencia de un centenar de j\u00f3venes llegados desde distintos puntos de la provincia<\/p>\n","protected":false},"author":5,"featured_media":0,"comment_status":"open","ping_status":"open","sticky":false,"template":"","format":"standard","meta":[],"categories":[42],"tags":[2920,985],"_links":{"self":[{"href":"http:\/\/rurallascolonias.com.ar\/index.php?rest_route=\/wp\/v2\/posts\/10814"}],"collection":[{"href":"http:\/\/rurallascolonias.com.ar\/index.php?rest_route=\/wp\/v2\/posts"}],"about":[{"href":"http:\/\/rurallascolonias.com.ar\/index.php?rest_route=\/wp\/v2\/types\/post"}],"author":[{"embeddable":true,"href":"http:\/\/rurallascolonias.com.ar\/index.php?rest_route=\/wp\/v2\/users\/5"}],"replies":[{"embeddable":true,"href":"http:\/\/rurallascolonias.com.ar\/index.php?rest_route=%2Fwp%2Fv2%2Fcomments&post=10814"}],"version-history":[{"count":1,"href":"http:\/\/rurallascolonias.com.ar\/index.php?rest_route=\/wp\/v2\/posts\/10814\/revisions"}],"predecessor-version":[{"id":10816,"href":"http:\/\/rurallascolonias.com.ar\/index.php?rest_route=\/wp\/v2\/posts\/10814\/revisions\/10816"}],"wp:attachment":[{"href":"http:\/\/rurallascolonias.com.ar\/index.php?rest_route=%2Fwp%2Fv2%2Fmedia&parent=10814"}],"wp:term":[{"taxonomy":"category","embeddable":true,"href":"http:\/\/rurallascolonias.com.ar\/index.php?rest_route=%2Fwp%2Fv2%2Fcategories&post=10814"},{"taxonomy":"post_tag","embeddable":true,"href":"http:\/\/rurallascolonias.com.ar\/index.php?rest_route=%2Fwp%2Fv2%2Ftags&post=10814"}],"curies":[{"name":"wp","href":"https:\/\/api.w.org\/{rel}","templated":true}]}}