{"id":1080,"date":"2014-01-27T16:28:53","date_gmt":"2014-01-27T16:28:53","guid":{"rendered":"http:\/\/rurallascolonias.com.ar\/?p=1080"},"modified":"2014-01-27T16:28:53","modified_gmt":"2014-01-27T16:28:53","slug":"gualeguaychu-sera-sede-del-proximo-congreso-cra","status":"publish","type":"post","link":"http:\/\/rurallascolonias.com.ar\/?p=1080","title":{"rendered":"GUALEGUAYCH\u00da SER\u00c1 SEDE DEL PR\u00d3XIMO CONGRESO CRA"},"content":{"rendered":"<p><a href=\"http:\/\/rurallascolonias.com.ar\/wp-content\/uploads\/2014\/01\/Gualeguaych\u00fa.jpg\"><img loading=\"lazy\" class=\"aligncenter size-full wp-image-1081\" alt=\"Gualeguaych\u00fa\" src=\"http:\/\/rurallascolonias.com.ar\/wp-content\/uploads\/2014\/01\/Gualeguaych\u00fa.jpg\" width=\"344\" height=\"146\" srcset=\"http:\/\/rurallascolonias.com.ar\/wp-content\/uploads\/2014\/01\/Gualeguaych\u00fa.jpg 344w, http:\/\/rurallascolonias.com.ar\/wp-content\/uploads\/2014\/01\/Gualeguaych\u00fa-300x127.jpg 300w\" sizes=\"(max-width: 344px) 100vw, 344px\" \/><\/a>\u00abCompromiso y responsabilidad con el ma\u00f1ana\u00bb ser\u00e1 el lema convocante para el encuentro anual de Confederaciones Rurales Argentina (CRA) que tendr\u00e1 sede este a\u00f1o en la localidad entrerriana de Gualeguaych\u00fa.<!--more--><\/p>\n<p>El 30 y 31 de mayo se llevar\u00e1 a cabo el pr\u00f3ximo congreso de CRA en la Sociedad Rural de Gualeguaych\u00fa de la provincia de Entre R\u00edos perteneciente a FARER.<\/p>\n<p>Este importante Congreso Nacional se realiza todos los a\u00f1os en distintos lugares del pa\u00eds con la presencia de los productores confederados para debatir y analizar el contexto politico, social e institucional del sectro agropecuario y de la Argentina.<\/p>\n<p>CRA pretender\u00e1 en esta edici\u00f3n, cuyo lema es \u00abCompromiso y responsabilidad con el ma\u00f1ana\u00bb, abordar tem\u00e1ticas sobre c\u00f3mo producir y generar alimentos para el mundo, la importancia de incorporar tecnolog\u00eda y la posibilidad de lograr mayor inserci\u00f3n social en cada comunidad.<\/p>\n<p>Para el presidente de la entidad rural local, Javier Melchiori la organizaci\u00f3n \u00abes un desaf\u00edo enorme porque FARER que nunca hab\u00eda organizado un congreso en los 70 a\u00f1os de vida de CRA. Est\u00e1 es la primera vez\u00bb. Y agreg\u00f3: \u00abCreemos que tenemos las condiciones para hacerlo, la infraestructura m\u00ednima para encararlo y las ganas importantes de llevarlo adelante\u00bb.<\/p>\n<p>Fuente: Campo en Acci\u00f3n<\/p>\n","protected":false},"excerpt":{"rendered":"<p>\u00abCompromiso y responsabilidad con el ma\u00f1ana\u00bb ser\u00e1 el lema convocante para el encuentro anual de Confederaciones Rurales Argentina (CRA) que tendr\u00e1 sede este a\u00f1o en la localidad entrerriana de Gualeguaych\u00fa.<\/p>\n","protected":false},"author":5,"featured_media":0,"comment_status":"closed","ping_status":"closed","sticky":false,"template":"","format":"standard","meta":[],"categories":[42],"tags":[443,399,442],"_links":{"self":[{"href":"http:\/\/rurallascolonias.com.ar\/index.php?rest_route=\/wp\/v2\/posts\/1080"}],"collection":[{"href":"http:\/\/rurallascolonias.com.ar\/index.php?rest_route=\/wp\/v2\/posts"}],"about":[{"href":"http:\/\/rurallascolonias.com.ar\/index.php?rest_route=\/wp\/v2\/types\/post"}],"author":[{"embeddable":true,"href":"http:\/\/rurallascolonias.com.ar\/index.php?rest_route=\/wp\/v2\/users\/5"}],"replies":[{"embeddable":true,"href":"http:\/\/rurallascolonias.com.ar\/index.php?rest_route=%2Fwp%2Fv2%2Fcomments&post=1080"}],"version-history":[{"count":1,"href":"http:\/\/rurallascolonias.com.ar\/index.php?rest_route=\/wp\/v2\/posts\/1080\/revisions"}],"predecessor-version":[{"id":1082,"href":"http:\/\/rurallascolonias.com.ar\/index.php?rest_route=\/wp\/v2\/posts\/1080\/revisions\/1082"}],"wp:attachment":[{"href":"http:\/\/rurallascolonias.com.ar\/index.php?rest_route=%2Fwp%2Fv2%2Fmedia&parent=1080"}],"wp:term":[{"taxonomy":"category","embeddable":true,"href":"http:\/\/rurallascolonias.com.ar\/index.php?rest_route=%2Fwp%2Fv2%2Fcategories&post=1080"},{"taxonomy":"post_tag","embeddable":true,"href":"http:\/\/rurallascolonias.com.ar\/index.php?rest_route=%2Fwp%2Fv2%2Ftags&post=1080"}],"curies":[{"name":"wp","href":"https:\/\/api.w.org\/{rel}","templated":true}]}}