{"id":10692,"date":"2016-05-10T14:40:02","date_gmt":"2016-05-10T14:40:02","guid":{"rendered":"http:\/\/rurallascolonias.com.ar\/?p=10692"},"modified":"2016-05-10T14:40:02","modified_gmt":"2016-05-10T14:40:02","slug":"el-sector-lechero-no-esta-en-calma","status":"publish","type":"post","link":"http:\/\/rurallascolonias.com.ar\/?p=10692","title":{"rendered":"El sector lechero no est\u00e1 en calma"},"content":{"rendered":"<p><em><strong><a href=\"http:\/\/rurallascolonias.com.ar\/?attachment_id=2542\" rel=\"attachment wp-att-2542\"><img loading=\"lazy\" class=\"aligncenter size-full wp-image-2542\" src=\"http:\/\/rurallascolonias.com.ar\/wp-content\/uploads\/2014\/05\/cr\u00e9ditos-sector-tambero.jpg\" alt=\"cr\u00e9ditos sector tambero\" width=\"290\" height=\"174\" \/><\/a>Dicen que un ministro de la provincia de Santa Fe le habr\u00eda sugerido al gremio de Atilra que se \u201cafloje\u201d con el pedido de aumento salarial que viene para la paritaria que ya se gesta para los lecheros, muy por encima de otros sindicatos<\/strong><\/em><!--more--><\/p>\n<p>La crisis previa y las inundaciones liquidaron a la lecher\u00eda que hoy sigue teniendo lista de espera para los remates de ganado lechero, para la salida definitiva de muchos productores de este esquema, mientras que las industrias de todos los tama\u00f1os son las pr\u00f3ximas afectadas.<\/p>\n<p>Trascendieron achicamientos pretendidos por algunas empresas, pero tambi\u00e9n se sabe que el arreglo salarial ser\u00e1 fundamental para darle continuidad a muchas otras, sobre todo las m\u00e1s chicas, que est\u00e1n saliendo a pagar al menos un 50 por ciento m\u00e1s que el mes pasado para tener materia prima y as\u00ed aumentan su sangr\u00eda. Claro que las m\u00e1s grandes est\u00e1n procesando hasta un tercio de lo que pueden de acuerdo a su capacidad instalada y todo esto lleva a entender que el malestar en todos los estratos es mucho.<\/p>\n<p>Sin embargo, los trabajadores lecheros est\u00e1n avanzando en el armado de un plan de lucha, por la ca\u00edda de algunos contratos temporarios, e incluso hoy desarrollar\u00e1n asambleas en algunas plantas para ordenar las voluntades hacia una medida de fuerza muy pr\u00f3xima. Aunque esto no se confirme oficialmente por la gremial, los trascendidos desde las industrias son muchos y solo resta esperar el mayor aporte de cordura, desde todos los costados.<\/p>\n<p>Elida Thiery<\/p>\n","protected":false},"excerpt":{"rendered":"<p>Dicen que un ministro de la provincia de Santa Fe le habr\u00eda sugerido al gremio de Atilra que se \u201cafloje\u201d con el pedido de aumento salarial que viene para la paritaria que ya se gesta para los lecheros, muy por encima de otros sindicatos<\/p>\n","protected":false},"author":5,"featured_media":0,"comment_status":"open","ping_status":"open","sticky":false,"template":"","format":"standard","meta":[],"categories":[46],"tags":[89,12],"_links":{"self":[{"href":"http:\/\/rurallascolonias.com.ar\/index.php?rest_route=\/wp\/v2\/posts\/10692"}],"collection":[{"href":"http:\/\/rurallascolonias.com.ar\/index.php?rest_route=\/wp\/v2\/posts"}],"about":[{"href":"http:\/\/rurallascolonias.com.ar\/index.php?rest_route=\/wp\/v2\/types\/post"}],"author":[{"embeddable":true,"href":"http:\/\/rurallascolonias.com.ar\/index.php?rest_route=\/wp\/v2\/users\/5"}],"replies":[{"embeddable":true,"href":"http:\/\/rurallascolonias.com.ar\/index.php?rest_route=%2Fwp%2Fv2%2Fcomments&post=10692"}],"version-history":[{"count":1,"href":"http:\/\/rurallascolonias.com.ar\/index.php?rest_route=\/wp\/v2\/posts\/10692\/revisions"}],"predecessor-version":[{"id":10693,"href":"http:\/\/rurallascolonias.com.ar\/index.php?rest_route=\/wp\/v2\/posts\/10692\/revisions\/10693"}],"wp:attachment":[{"href":"http:\/\/rurallascolonias.com.ar\/index.php?rest_route=%2Fwp%2Fv2%2Fmedia&parent=10692"}],"wp:term":[{"taxonomy":"category","embeddable":true,"href":"http:\/\/rurallascolonias.com.ar\/index.php?rest_route=%2Fwp%2Fv2%2Fcategories&post=10692"},{"taxonomy":"post_tag","embeddable":true,"href":"http:\/\/rurallascolonias.com.ar\/index.php?rest_route=%2Fwp%2Fv2%2Ftags&post=10692"}],"curies":[{"name":"wp","href":"https:\/\/api.w.org\/{rel}","templated":true}]}}