{"id":10677,"date":"2016-05-09T13:04:31","date_gmt":"2016-05-09T13:04:31","guid":{"rendered":"http:\/\/rurallascolonias.com.ar\/?p=10677"},"modified":"2016-05-09T13:04:31","modified_gmt":"2016-05-09T13:04:31","slug":"tamberos-aseguran-que-no-va-a-faltar-leche","status":"publish","type":"post","link":"http:\/\/rurallascolonias.com.ar\/?p=10677","title":{"rendered":"Tamberos aseguran que \u201cno va a faltar leche\u201d"},"content":{"rendered":"<p><strong><em><a href=\"http:\/\/rurallascolonias.com.ar\/?attachment_id=10404\" rel=\"attachment wp-att-10404\"><img loading=\"lazy\" class=\"aligncenter size-full wp-image-10404\" src=\"http:\/\/rurallascolonias.com.ar\/wp-content\/uploads\/2016\/04\/g\u00f3ndola.jpg\" alt=\"g\u00f3ndola\" width=\"300\" height=\"168\" \/><\/a>\u201cLos precios subieron una barbaridad. Si bien hay menos leche para nada esto convalida la remarcaci\u00f3n de precios, que se incrementaron de manera atroz\u201d, explic\u00f3 el presidente de la Mesa Nacional de Productores Lecheros, Jes\u00fas Vanzetti<\/em><\/strong><!--more--><br \/>\nEl presidente de la Mesa Nacional de Productores Lecheros, Jes\u00fas Vanzetti, asegur\u00f3 hoy que \u201cno va a faltar leche\u201d para abastecer al mercado dom\u00e9stico pese a la merma que experimentar\u00e1n los tambos de Entre R\u00edos, Santa Fe y C\u00f3rdoba por las inundaciones e inst\u00f3 a \u201cno convalidar\u201d alzas en los precios de los l\u00e1cteos en las g\u00f3ndolas.<\/p>\n<p>\u201cLos precios subieron una barbaridad. Si bien hay menos leche para nada esto convalida la remarcaci\u00f3n de precios, que se incrementaron de manera atroz\u201d, explic\u00f3 Vanzetti tras ser consultado sobre la t\u00f3nica alcista que experimentan los l\u00e1cteos en las g\u00f3ndolas.<\/p>\n<p>Por ello, el dirigente de la Mesa Lechera asegur\u00f3 que \u201cno va a faltar leche\u201d pese a las dificultades que experimenta los tambos de Santa Fe, C\u00f3rdoba y Entre R\u00edos por el anegamiento de campos tras las fuertes lluvias registradas en abril.<\/p>\n<p>Vanzetti refiri\u00f3 que \u201clos precios en las g\u00f3ndolas subieron una barbaridad porque aducen que falta leche pero si bien la p\u00e9rdida de producci\u00f3n es importante el mercado est\u00e1 abastecido y los precios deber\u00edan ser normales\u201d.<\/p>\n<p>Al respecto, el dirigente tambero afirm\u00f3 que \u201cseguro\u201d la remarcaci\u00f3n de los l\u00e1cteos en los comercios y supermercados se produce por la decisi\u00f3n de este sector de \u201csacar una diferencia\u201d a costa de la crisis que enfrenta la lecher\u00eda.<\/p>\n<p>M\u00e1s all\u00e1 de esto, desde la Mesa Nacional Lechera reconocieron que la p\u00e9rdida en la producci\u00f3n en Santa Fe es del 50 por ciento, porcentaje que ronda el 40 en el caso de Entre R\u00edos y C\u00f3rdoba, y el 10 por ciento en Buenos Aires.<\/p>\n<p>Desde el sector tambero reconocen que por la leche entregada en abril se espera que la industria abone un valor promedio de entre 3,20 a 3,5 pesos, cifra que trepar\u00eda posiblemente cercana a los 4 pesos para las entregas de mayo.<\/p>\n<p>En las zonas afectadas por el anegamiento de los campos, los productores admiten el importante impacto que tendr\u00e1 en la producci\u00f3n la p\u00e9rdida de pasturas, la muerte de animales y la decisi\u00f3n de pasar lotes enteros de vacas a faena por la imposibilidad de alimentarlas.<\/p>\n<p>A esto se le suma el impacto que podr\u00e1 tener adem\u00e1s el impacto de subas en las tarifas de la electricidad y tambi\u00e9n el encarecimiento del combustible, especialmente el gasoil.<\/p>\n<p>La realidad en buena parte de centro norte de Santa Fe, y tambi\u00e9n en el oeste cordob\u00e9s y este entrerriano, es la presencia de campos devastados por la inundaci\u00f3n o bien el crecimiento de las napas, hecho que dificulta enormemente las posibilidad de recuperar la actividad y la producci\u00f3n.<br \/>\nhttp:\/\/www.laprensa.com.ar\/<\/p>\n","protected":false},"excerpt":{"rendered":"<p>\u201cLos precios subieron una barbaridad. Si bien hay menos leche para nada esto convalida la remarcaci\u00f3n de precios, que se incrementaron de manera atroz\u201d, explic\u00f3 el presidente de la Mesa Nacional de Productores Lecheros, Jes\u00fas Vanzetti<\/p>\n","protected":false},"author":5,"featured_media":0,"comment_status":"open","ping_status":"open","sticky":false,"template":"","format":"standard","meta":[],"categories":[46],"tags":[],"_links":{"self":[{"href":"http:\/\/rurallascolonias.com.ar\/index.php?rest_route=\/wp\/v2\/posts\/10677"}],"collection":[{"href":"http:\/\/rurallascolonias.com.ar\/index.php?rest_route=\/wp\/v2\/posts"}],"about":[{"href":"http:\/\/rurallascolonias.com.ar\/index.php?rest_route=\/wp\/v2\/types\/post"}],"author":[{"embeddable":true,"href":"http:\/\/rurallascolonias.com.ar\/index.php?rest_route=\/wp\/v2\/users\/5"}],"replies":[{"embeddable":true,"href":"http:\/\/rurallascolonias.com.ar\/index.php?rest_route=%2Fwp%2Fv2%2Fcomments&post=10677"}],"version-history":[{"count":1,"href":"http:\/\/rurallascolonias.com.ar\/index.php?rest_route=\/wp\/v2\/posts\/10677\/revisions"}],"predecessor-version":[{"id":10680,"href":"http:\/\/rurallascolonias.com.ar\/index.php?rest_route=\/wp\/v2\/posts\/10677\/revisions\/10680"}],"wp:attachment":[{"href":"http:\/\/rurallascolonias.com.ar\/index.php?rest_route=%2Fwp%2Fv2%2Fmedia&parent=10677"}],"wp:term":[{"taxonomy":"category","embeddable":true,"href":"http:\/\/rurallascolonias.com.ar\/index.php?rest_route=%2Fwp%2Fv2%2Fcategories&post=10677"},{"taxonomy":"post_tag","embeddable":true,"href":"http:\/\/rurallascolonias.com.ar\/index.php?rest_route=%2Fwp%2Fv2%2Ftags&post=10677"}],"curies":[{"name":"wp","href":"https:\/\/api.w.org\/{rel}","templated":true}]}}