{"id":10673,"date":"2016-05-09T12:46:31","date_gmt":"2016-05-09T12:46:31","guid":{"rendered":"http:\/\/rurallascolonias.com.ar\/?p=10673"},"modified":"2016-05-09T12:46:31","modified_gmt":"2016-05-09T12:46:31","slug":"incertidumbre-entre-los-trabajadores-de-sancor","status":"publish","type":"post","link":"http:\/\/rurallascolonias.com.ar\/?p=10673","title":{"rendered":"Incertidumbre entre los trabajadores de SanCor"},"content":{"rendered":"<p><strong><em><a href=\"http:\/\/rurallascolonias.com.ar\/?attachment_id=5085\" rel=\"attachment wp-att-5085\"><img loading=\"lazy\" class=\"aligncenter size-full wp-image-5085\" src=\"http:\/\/rurallascolonias.com.ar\/wp-content\/uploads\/2014\/12\/Sancor.png\" alt=\"Sancor\" width=\"264\" height=\"191\" \/><\/a>A las versiones de una fuerte reducci\u00f3n en la planta de trabajadores a nivel nacional, se estar\u00eda planteando que \u201cno habr\u00e1 aumento salarial\u201d<\/em><\/strong><!--more--><\/p>\n<p>Los trabajadores de la empresa SanCor viven horas de angustia a ra\u00edz de la situaci\u00f3n econ\u00f3mica de la empresa en la que confluyen situaciones estructurales y coyunturales. Seg\u00fan trascendi\u00f3, en la \u00faltima semana comenzaron a circular versiones de un fuerte achicamiento en la planta de trabajadores que tambi\u00e9n podr\u00eda afectar a la planta ubicada en nuestro partido. Las versiones que circulan hablan de un plan de despidos que podr\u00eda llegar a los 1200 trabajadores en todo el pa\u00eds.<\/p>\n<p>Estas versiones, se suman a la dif\u00edcil situaci\u00f3n gremial que van a tener que afrontar los trabajadores en relaci\u00f3n a los reclamos por aumentos salariales. En charlas internas, ya les habr\u00edan manifestado \u201cque se olviden de un incremento salarial\u201d y que \u201cdesde el gobierno nacional no se iban a tolerar acciones como paralizaci\u00f3n de la producci\u00f3n o piquetes en las puertas de las plantas\u201d.<\/p>\n<p>Seg\u00fan un informe publicado por el diario La Voz del Interior, la situaci\u00f3n de la industria l\u00e1ctea estar\u00eda en su peor escenario ya que crisis que a la crisis econ\u00f3mica que soportaba la cadena desde hace casi un a\u00f1o, reflejada en la baja de los precios de la materia prima y la falta de rentabilidad del comercio exterior, recibi\u00f3 el golpe de gracia con las lluvias del \u00faltimo mes, especialmente en la zona de mayor producci\u00f3n como son el este de la provincia de C\u00f3rdoba y el oeste santafesino, la mayor de Am\u00e9rica Latina, generando una menor producci\u00f3n, con tambos que cierran y empresas que dejaron de recibir leche son las consecuencias que gener\u00f3 la nefasta sociedad que conforman la falta de rentabilidad y las inundaciones.<\/p>\n<p>Escrito por Fernando Poggio<br \/>\nhttp:\/\/www.larazondechivilcoy.com.ar\/<\/p>\n","protected":false},"excerpt":{"rendered":"<p>A las versiones de una fuerte reducci\u00f3n en la planta de trabajadores a nivel nacional, se estar\u00eda planteando que \u201cno habr\u00e1 aumento salarial\u201d<\/p>\n","protected":false},"author":5,"featured_media":0,"comment_status":"open","ping_status":"open","sticky":false,"template":"","format":"standard","meta":[],"categories":[42],"tags":[180,598,549],"_links":{"self":[{"href":"http:\/\/rurallascolonias.com.ar\/index.php?rest_route=\/wp\/v2\/posts\/10673"}],"collection":[{"href":"http:\/\/rurallascolonias.com.ar\/index.php?rest_route=\/wp\/v2\/posts"}],"about":[{"href":"http:\/\/rurallascolonias.com.ar\/index.php?rest_route=\/wp\/v2\/types\/post"}],"author":[{"embeddable":true,"href":"http:\/\/rurallascolonias.com.ar\/index.php?rest_route=\/wp\/v2\/users\/5"}],"replies":[{"embeddable":true,"href":"http:\/\/rurallascolonias.com.ar\/index.php?rest_route=%2Fwp%2Fv2%2Fcomments&post=10673"}],"version-history":[{"count":1,"href":"http:\/\/rurallascolonias.com.ar\/index.php?rest_route=\/wp\/v2\/posts\/10673\/revisions"}],"predecessor-version":[{"id":10674,"href":"http:\/\/rurallascolonias.com.ar\/index.php?rest_route=\/wp\/v2\/posts\/10673\/revisions\/10674"}],"wp:attachment":[{"href":"http:\/\/rurallascolonias.com.ar\/index.php?rest_route=%2Fwp%2Fv2%2Fmedia&parent=10673"}],"wp:term":[{"taxonomy":"category","embeddable":true,"href":"http:\/\/rurallascolonias.com.ar\/index.php?rest_route=%2Fwp%2Fv2%2Fcategories&post=10673"},{"taxonomy":"post_tag","embeddable":true,"href":"http:\/\/rurallascolonias.com.ar\/index.php?rest_route=%2Fwp%2Fv2%2Ftags&post=10673"}],"curies":[{"name":"wp","href":"https:\/\/api.w.org\/{rel}","templated":true}]}}