{"id":10656,"date":"2016-05-05T10:56:38","date_gmt":"2016-05-05T10:56:38","guid":{"rendered":"http:\/\/rurallascolonias.com.ar\/?p=10656"},"modified":"2016-05-05T17:59:56","modified_gmt":"2016-05-05T17:59:56","slug":"declaran-la-emergencia-agropecuaria-en-santa-fe-cordoba-chaco-y-formosa","status":"publish","type":"post","link":"http:\/\/rurallascolonias.com.ar\/?p=10656","title":{"rendered":"Declaran la emergencia agropecuaria en Santa Fe, C\u00f3rdoba, Chaco y Formosa"},"content":{"rendered":"<p><strong><em><a href=\"http:\/\/rurallascolonias.com.ar\/?attachment_id=10657\" rel=\"attachment wp-att-10657\"><img loading=\"lazy\" class=\"alignleft size-full wp-image-10657\" src=\"http:\/\/rurallascolonias.com.ar\/wp-content\/uploads\/2016\/05\/emergencia-agropecuaria-3.jpg\" alt=\"emergencia agropecuaria 3\" width=\"277\" height=\"182\" \/><\/a>La medida fue publicada hoy en el Bolet\u00edn Oficial. Rige hasta el 31 de diciembre de este a\u00f1o para todas las actividades agropecuarias afectadas por los excesos de precipitaciones. En el caso de C\u00f3rdoba, se declar\u00f3 tambi\u00e9n para los productores ganaderos y tamberos<\/em><\/strong><!--more--><\/p>\n<p>Mediante la resoluci\u00f3n 165\/2016, publicada hoy en el Bolet\u00edn Oficial, se declar\u00f3 el estado de emergencia y\/o desastre agropecuario desde el 1 de enero hasta el 31 de diciembre de este a\u00f1o para todas las actividades agropecuarias afectadas por los excesos de precipitaciones, anegamientos y desbordes de arroyos en todo el territorio provincial de Santa Fe, con excepci\u00f3n del Departamento 9 de julio.<\/p>\n<p>En tanto, mediante la resoluci\u00f3n 167\/2016 se lo declar\u00f3 en la provincia de C\u00f3rdoba para los productores ganaderos y tamberos, afectados por el fen\u00f3meno de anegamiento de suelos por lluvias extraordinarias, para las cuencas geogr\u00e1ficas del r\u00edo Carcara\u00f1\u00e1, Sistema Morteros, R\u00edo Segundo y Sistema San Francisco.<\/p>\n<p>Por su parte, la resoluci\u00f3n 163\/2016 lo dispuso en la provincia de Formosa desde el 1 de marzo al 31 de agosto de este a\u00f1o para los cultivos de mandioca, batata y hortalizas de producci\u00f3n bajo cubierta, afectados por exceso de precipitaciones, ubicados en el Departamento Piran\u00e9 y las localidades de Fort\u00edn Cabo 1\u00b0 Lugones y Villa General G\u00fcemes y sus colonias del Departamento Pati\u00f1o.<\/p>\n<p>Y la resoluci\u00f3n 164\/2016 dispuso id\u00e9ntica medida en la provincia del Chaco por seis meses a partir del primero de marzo por efecto de la sequ\u00eda en los departamentos de Independencia, Comandante Fern\u00e1ndez, O&#8217;Higgings, Gral Sarmiento y 9 de julio, entre otros; y en el departamento de San Mart\u00edn por precipitaciones.<\/p>\n<p>Finalmente, la resoluci\u00f3n 166\/2016 dispuso la ampliaci\u00f3n de la declaraci\u00f3n del estado de emergencia y\/o desastre agropecuario incorporando a los productores ganaderos, lecheros, agr\u00edcolas, forestales, citr\u00edcolas, ap\u00edcolas y hort\u00edcolas de todos los departamentos de Entre R\u00edos por precipitaciones extraordinarias ocurridas en los \u00faltimos meses.<\/p>\n<p>Fuente: Infocampo<\/p>\n","protected":false},"excerpt":{"rendered":"<p>La medida fue publicada hoy en el Bolet\u00edn Oficial. Rige hasta el 31 de diciembre de este a\u00f1o para todas las actividades agropecuarias afectadas por los excesos de precipitaciones. En el caso de C\u00f3rdoba, se declar\u00f3 tambi\u00e9n para los productores ganaderos y tamberos<\/p>\n","protected":false},"author":5,"featured_media":0,"comment_status":"open","ping_status":"open","sticky":false,"template":"","format":"standard","meta":[],"categories":[14],"tags":[2871,682,2324,747,2073,119],"_links":{"self":[{"href":"http:\/\/rurallascolonias.com.ar\/index.php?rest_route=\/wp\/v2\/posts\/10656"}],"collection":[{"href":"http:\/\/rurallascolonias.com.ar\/index.php?rest_route=\/wp\/v2\/posts"}],"about":[{"href":"http:\/\/rurallascolonias.com.ar\/index.php?rest_route=\/wp\/v2\/types\/post"}],"author":[{"embeddable":true,"href":"http:\/\/rurallascolonias.com.ar\/index.php?rest_route=\/wp\/v2\/users\/5"}],"replies":[{"embeddable":true,"href":"http:\/\/rurallascolonias.com.ar\/index.php?rest_route=%2Fwp%2Fv2%2Fcomments&post=10656"}],"version-history":[{"count":1,"href":"http:\/\/rurallascolonias.com.ar\/index.php?rest_route=\/wp\/v2\/posts\/10656\/revisions"}],"predecessor-version":[{"id":10658,"href":"http:\/\/rurallascolonias.com.ar\/index.php?rest_route=\/wp\/v2\/posts\/10656\/revisions\/10658"}],"wp:attachment":[{"href":"http:\/\/rurallascolonias.com.ar\/index.php?rest_route=%2Fwp%2Fv2%2Fmedia&parent=10656"}],"wp:term":[{"taxonomy":"category","embeddable":true,"href":"http:\/\/rurallascolonias.com.ar\/index.php?rest_route=%2Fwp%2Fv2%2Fcategories&post=10656"},{"taxonomy":"post_tag","embeddable":true,"href":"http:\/\/rurallascolonias.com.ar\/index.php?rest_route=%2Fwp%2Fv2%2Ftags&post=10656"}],"curies":[{"name":"wp","href":"https:\/\/api.w.org\/{rel}","templated":true}]}}