{"id":10589,"date":"2016-04-29T10:51:21","date_gmt":"2016-04-29T10:51:21","guid":{"rendered":"http:\/\/rurallascolonias.com.ar\/?p=10589"},"modified":"2016-04-29T17:53:54","modified_gmt":"2016-04-29T17:53:54","slug":"reunion-entre-ruralistas-y-funcionarios-por-inundaciones-en-santa-fe","status":"publish","type":"post","link":"http:\/\/rurallascolonias.com.ar\/?p=10589","title":{"rendered":"Reuni\u00f3n entre ruralistas y funcionarios por inundaciones, en Santa Fe"},"content":{"rendered":"<p><em><strong><a href=\"http:\/\/rurallascolonias.com.ar\/?attachment_id=10590\" rel=\"attachment wp-att-10590\"><img loading=\"lazy\" class=\"aligncenter size-full wp-image-10590\" src=\"http:\/\/rurallascolonias.com.ar\/wp-content\/uploads\/2016\/04\/inundaciones-9.jpg\" alt=\"inundaciones 9\" width=\"263\" height=\"191\" \/><\/a>Ser\u00e1 este viernes en la sede de Carsfe. Habr\u00e1 gente del Inta y del Banco Naci\u00f3n<\/strong><\/em><!--more--><\/p>\n<p>Este viernes 29 en el ciudad de Santa Fe, en la sede de la Confederaci\u00f3n de Asociaciones Rurales de la provincia de Santa Fe (Carsfe), se llevar\u00e1 a cabo una importante reuni\u00f3n a partir de las 10 horas para analizar el estado de situaci\u00f3n a ra\u00edz de las inundaciones en las provincias del centro y Litoral del pa\u00eds.<\/p>\n<p>Del encuentro participar\u00e1n autoridades nacionales y provinciales, y dirigentes agropecuarios nucleados en Confederaciones Rurales Argentina (entidad que engloba a Carsfe). Estar\u00e1n presentes el presidente de CRA, Dardo Chiesa, el presidente del Inta, Amadeo Nicora, el presidente de Carsfe, Gustavo Vionnet, y los directores del Banco Naci\u00f3n, Carlos Castellani y Atilio Benedetti, entre otros.<\/p>\n<p>Adem\u00e1s conformar\u00e1n la mesa de di\u00e1logo autoridades de sociedades rurales de las provincias de Santa Fe, Entre R\u00edos, C\u00f3rdoba y Buenos Aires, entre otros, representantes de consejos regionales del Inta y referentes de la Afip.<\/p>\n<p>El mi\u00e9rcoles pasado el presidente de CRA, Dardo Chiesa, recorri\u00f3 junto al ministro de Agroindustria Ricardo Buryaile, algunas de las zonas m\u00e1s complicadas por las lluvias en las provincias de Santa Fe y Entre R\u00edos.<\/p>\n<p><strong>Los n\u00fameros de Santa Fe<\/strong><\/p>\n<p>Seg\u00fan estimaciones de la entidad que agrupa a los ruralistas santafesinos, en la provincia las p\u00e9rdidas econ\u00f3micas por exceso h\u00eddrico rondar\u00edan los U$S 2700 millones. Solo en agricultura las p\u00e9rdidas llegar\u00e1n a superar los U$S 1000 millones, en tanto en lecher\u00eda y ganader\u00eda bovina las p\u00e9rdidas rondan los U$S 700 millones por cada actividad. (Noticias AgroPecuarias)<\/p>\n<p>Fuente: Noticias Agropecuarias<\/p>\n","protected":false},"excerpt":{"rendered":"<p>Ser\u00e1 este viernes en la sede de Carsfe. Habr\u00e1 gente del Inta y del Banco Naci\u00f3n<\/p>\n","protected":false},"author":5,"featured_media":0,"comment_status":"open","ping_status":"open","sticky":false,"template":"","format":"standard","meta":[],"categories":[42],"tags":[1030,523,74,425,119],"_links":{"self":[{"href":"http:\/\/rurallascolonias.com.ar\/index.php?rest_route=\/wp\/v2\/posts\/10589"}],"collection":[{"href":"http:\/\/rurallascolonias.com.ar\/index.php?rest_route=\/wp\/v2\/posts"}],"about":[{"href":"http:\/\/rurallascolonias.com.ar\/index.php?rest_route=\/wp\/v2\/types\/post"}],"author":[{"embeddable":true,"href":"http:\/\/rurallascolonias.com.ar\/index.php?rest_route=\/wp\/v2\/users\/5"}],"replies":[{"embeddable":true,"href":"http:\/\/rurallascolonias.com.ar\/index.php?rest_route=%2Fwp%2Fv2%2Fcomments&post=10589"}],"version-history":[{"count":1,"href":"http:\/\/rurallascolonias.com.ar\/index.php?rest_route=\/wp\/v2\/posts\/10589\/revisions"}],"predecessor-version":[{"id":10591,"href":"http:\/\/rurallascolonias.com.ar\/index.php?rest_route=\/wp\/v2\/posts\/10589\/revisions\/10591"}],"wp:attachment":[{"href":"http:\/\/rurallascolonias.com.ar\/index.php?rest_route=%2Fwp%2Fv2%2Fmedia&parent=10589"}],"wp:term":[{"taxonomy":"category","embeddable":true,"href":"http:\/\/rurallascolonias.com.ar\/index.php?rest_route=%2Fwp%2Fv2%2Fcategories&post=10589"},{"taxonomy":"post_tag","embeddable":true,"href":"http:\/\/rurallascolonias.com.ar\/index.php?rest_route=%2Fwp%2Fv2%2Ftags&post=10589"}],"curies":[{"name":"wp","href":"https:\/\/api.w.org\/{rel}","templated":true}]}}