{"id":1057,"date":"2014-01-23T16:07:24","date_gmt":"2014-01-23T16:07:24","guid":{"rendered":"http:\/\/rurallascolonias.com.ar\/?p=1057"},"modified":"2014-01-23T16:07:24","modified_gmt":"2014-01-23T16:07:24","slug":"aseguran-que-la-leche-aumento-un-43","status":"publish","type":"post","link":"http:\/\/rurallascolonias.com.ar\/?p=1057","title":{"rendered":"ASEGURAN QUE LA LECHE AUMENT\u00d3 UN 43%"},"content":{"rendered":"<div><a href=\"http:\/\/rurallascolonias.com.ar\/wp-content\/uploads\/2014\/01\/leche-4.jpg\"><img loading=\"lazy\" class=\"aligncenter size-full wp-image-1058\" alt=\"leche 4\" src=\"http:\/\/rurallascolonias.com.ar\/wp-content\/uploads\/2014\/01\/leche-4.jpg\" width=\"318\" height=\"159\" srcset=\"http:\/\/rurallascolonias.com.ar\/wp-content\/uploads\/2014\/01\/leche-4.jpg 318w, http:\/\/rurallascolonias.com.ar\/wp-content\/uploads\/2014\/01\/leche-4-300x150.jpg 300w\" sizes=\"(max-width: 318px) 100vw, 318px\" \/><\/a>Seg\u00fan Confederaciones Rurales Argentinas.<\/div>\n<div><\/div>\n<div>\n<p>El precio de los sachet de leche subi\u00f3 43% en 2013 de acuerdo con el relevamiento efectuado por Confederaciones Rurales Argentinas (CRA) en las primeras marcas, a lo largo del a\u00f1o, en comercios minoristas.<!--more--><\/p>\n<p align=\"justify\">\u00a0 \u00a0Seg\u00fan el an\u00e1lisis, el litro pas\u00f3 de 7 pesos a 10 en diciembre: Pero no s\u00f3lo se dispararon los valores de la leche: otros productos l\u00e1cteos tambi\u00e9n muestran contundentes cambios en sus listas de precios.<\/p>\n<p align=\"justify\">\u00a0 \u00a0El queso Por Salut, siempre en marcas l\u00edderes, trep\u00f3 en el \u00faltimo mes de 76 a 82 pesos el kilo, una suba porcentual de 7,8%, seg\u00fan un estudio del Centro de Educaci\u00f3n al Consumidor (CEC).<\/p>\n<p align=\"justify\">\u00a0 \u00a0En tanto, el mismo sondeo, los aumentos del \u00faltimo mes tambi\u00e9n impactaron con fuerza en los yogures y en una de las primeras marcas como es La Seren\u00edsima, el pote de 190 gramos que al 20 de noviembre costaba 5,49 ahora se vende un 16,3% m\u00e1s caro, a 6,39.<\/p>\n<p align=\"justify\">\u00a0 \u00a0As\u00ed lo reflej\u00f3 el portal Lecher\u00eda Latina que indic\u00f3 que para la encuestadora, los ajustes en el \u00faltimo mes del 2013 a la fecha rondaron entre el 7 y el 20%. (NA)<\/p>\n<p align=\"justify\">Fuente:\u00a0<a title=\"La Nueva Provincia\" href=\"http:\/\/www.lanueva.com\/\">La Nueva Provincia<\/a><\/p>\n<\/div>\n","protected":false},"excerpt":{"rendered":"<p>Seg\u00fan Confederaciones Rurales Argentinas. El precio de los sachet de leche subi\u00f3 43% en 2013 de acuerdo con el relevamiento efectuado por Confederaciones Rurales Argentinas (CRA) en las primeras marcas, a lo largo del a\u00f1o, en comercios minoristas.<\/p>\n","protected":false},"author":5,"featured_media":0,"comment_status":"closed","ping_status":"closed","sticky":false,"template":"","format":"standard","meta":[],"categories":[46],"tags":[318,30,47],"_links":{"self":[{"href":"http:\/\/rurallascolonias.com.ar\/index.php?rest_route=\/wp\/v2\/posts\/1057"}],"collection":[{"href":"http:\/\/rurallascolonias.com.ar\/index.php?rest_route=\/wp\/v2\/posts"}],"about":[{"href":"http:\/\/rurallascolonias.com.ar\/index.php?rest_route=\/wp\/v2\/types\/post"}],"author":[{"embeddable":true,"href":"http:\/\/rurallascolonias.com.ar\/index.php?rest_route=\/wp\/v2\/users\/5"}],"replies":[{"embeddable":true,"href":"http:\/\/rurallascolonias.com.ar\/index.php?rest_route=%2Fwp%2Fv2%2Fcomments&post=1057"}],"version-history":[{"count":1,"href":"http:\/\/rurallascolonias.com.ar\/index.php?rest_route=\/wp\/v2\/posts\/1057\/revisions"}],"predecessor-version":[{"id":1059,"href":"http:\/\/rurallascolonias.com.ar\/index.php?rest_route=\/wp\/v2\/posts\/1057\/revisions\/1059"}],"wp:attachment":[{"href":"http:\/\/rurallascolonias.com.ar\/index.php?rest_route=%2Fwp%2Fv2%2Fmedia&parent=1057"}],"wp:term":[{"taxonomy":"category","embeddable":true,"href":"http:\/\/rurallascolonias.com.ar\/index.php?rest_route=%2Fwp%2Fv2%2Fcategories&post=1057"},{"taxonomy":"post_tag","embeddable":true,"href":"http:\/\/rurallascolonias.com.ar\/index.php?rest_route=%2Fwp%2Fv2%2Ftags&post=1057"}],"curies":[{"name":"wp","href":"https:\/\/api.w.org\/{rel}","templated":true}]}}