{"id":10551,"date":"2016-04-27T12:23:14","date_gmt":"2016-04-27T12:23:14","guid":{"rendered":"http:\/\/rurallascolonias.com.ar\/?p=10551"},"modified":"2016-04-27T12:23:14","modified_gmt":"2016-04-27T12:23:14","slug":"buryaile-recorrera-santa-fe-y-entre-rios-por-las-inundaciones","status":"publish","type":"post","link":"http:\/\/rurallascolonias.com.ar\/?p=10551","title":{"rendered":"Buryaile recorrer\u00e1 Santa Fe y Entre R\u00edos por las inundaciones"},"content":{"rendered":"<p><strong><em><a href=\"http:\/\/rurallascolonias.com.ar\/?attachment_id=10413\" rel=\"attachment wp-att-10413\"><img loading=\"lazy\" class=\"alignleft size-full wp-image-10413\" src=\"http:\/\/rurallascolonias.com.ar\/wp-content\/uploads\/2016\/04\/BURYAILE.jpg\" alt=\"BURYAILE\" width=\"299\" height=\"168\" \/><\/a>El ministro de Agroindustria\u00a0anunciar\u00e1 la ampliaci\u00f3n de la emergencia agropecuaria con el fin de reforzar la asistencia a ambas provincias<\/em><\/strong><!--more--><\/p>\n<p>El ministro de Agroindustria, Ricardo Buryaile, se encuentra en la provincia santafesina para \u00a0anunciar la ampliaci\u00f3n de la emergencia agropecuaria con el fin de reforzar la asistencia a ambas provincias y paliar las consecuencias generadas por las inundaciones.<\/p>\n<p>Por la ma\u00f1ana, Buryaile recorrer\u00e1 las ciudades santafecinas de G\u00e1lvez y San Cristobal, en el centro de la provincia, acompa\u00f1ado por el secretario de Coordinaci\u00f3n y Desarrollo Territorial, Santiago Hardie, el jefe de Gabinete del Ministerio de Agroindustria, Guillermo Bernaudo, y el secretario de Lecher\u00eda provincial, Pedro Morini.<\/p>\n<p>Al mismo tiempo, en la sede de la cartera se llevar\u00e1 a cabo una Reuni\u00f3n de la Mesa Agropecuaria en la cual se decretar\u00e1 la ampliaci\u00f3n de la emergencia para incrementar la asistencia a los productores afectados por las inundaciones, inform\u00f3 la Secretar\u00eda de Comunicaci\u00f3n P\u00fablica en un comunicado.<\/p>\n<p>Por la tarde, el ministro se dirigir\u00e1 a la ciudad de Paran\u00e1, donde participar\u00e1 de una Reuni\u00f3n de Comit\u00e9 de Crisis con el gobernador de Entre R\u00edos, Gustavo Bordet, en la que se establecer\u00e1 la ampliaci\u00f3n de la emergencia provincial declarada en febrero.<\/p>\n","protected":false},"excerpt":{"rendered":"<p>El ministro de Agroindustria\u00a0anunciar\u00e1 la ampliaci\u00f3n de la emergencia agropecuaria con el fin de reforzar la asistencia a ambas provincias<\/p>\n","protected":false},"author":5,"featured_media":0,"comment_status":"open","ping_status":"open","sticky":false,"template":"","format":"standard","meta":[],"categories":[42,33,1393],"tags":[523,2490,2448,2566],"_links":{"self":[{"href":"http:\/\/rurallascolonias.com.ar\/index.php?rest_route=\/wp\/v2\/posts\/10551"}],"collection":[{"href":"http:\/\/rurallascolonias.com.ar\/index.php?rest_route=\/wp\/v2\/posts"}],"about":[{"href":"http:\/\/rurallascolonias.com.ar\/index.php?rest_route=\/wp\/v2\/types\/post"}],"author":[{"embeddable":true,"href":"http:\/\/rurallascolonias.com.ar\/index.php?rest_route=\/wp\/v2\/users\/5"}],"replies":[{"embeddable":true,"href":"http:\/\/rurallascolonias.com.ar\/index.php?rest_route=%2Fwp%2Fv2%2Fcomments&post=10551"}],"version-history":[{"count":1,"href":"http:\/\/rurallascolonias.com.ar\/index.php?rest_route=\/wp\/v2\/posts\/10551\/revisions"}],"predecessor-version":[{"id":10552,"href":"http:\/\/rurallascolonias.com.ar\/index.php?rest_route=\/wp\/v2\/posts\/10551\/revisions\/10552"}],"wp:attachment":[{"href":"http:\/\/rurallascolonias.com.ar\/index.php?rest_route=%2Fwp%2Fv2%2Fmedia&parent=10551"}],"wp:term":[{"taxonomy":"category","embeddable":true,"href":"http:\/\/rurallascolonias.com.ar\/index.php?rest_route=%2Fwp%2Fv2%2Fcategories&post=10551"},{"taxonomy":"post_tag","embeddable":true,"href":"http:\/\/rurallascolonias.com.ar\/index.php?rest_route=%2Fwp%2Fv2%2Ftags&post=10551"}],"curies":[{"name":"wp","href":"https:\/\/api.w.org\/{rel}","templated":true}]}}