{"id":10535,"date":"2016-04-26T16:38:45","date_gmt":"2016-04-26T16:38:45","guid":{"rendered":"http:\/\/rurallascolonias.com.ar\/?p=10535"},"modified":"2016-04-26T16:38:45","modified_gmt":"2016-04-26T16:38:45","slug":"provincias-formulan-pedidos-en-conjunto-a-nacion-para-paliar-la-grave-situacion-productiva","status":"publish","type":"post","link":"http:\/\/rurallascolonias.com.ar\/?p=10535","title":{"rendered":"Provincias formulan pedidos en conjunto a Naci\u00f3n para paliar la grave situaci\u00f3n productiva"},"content":{"rendered":"<p><strong><em><a href=\"http:\/\/rurallascolonias.com.ar\/?attachment_id=10377\" rel=\"attachment wp-att-10377\"><img loading=\"lazy\" class=\"aligncenter size-full wp-image-10377\" src=\"http:\/\/rurallascolonias.com.ar\/wp-content\/uploads\/2016\/04\/vacas-3.jpg\" alt=\"vacas 3\" width=\"300\" height=\"300\" srcset=\"http:\/\/rurallascolonias.com.ar\/wp-content\/uploads\/2016\/04\/vacas-3.jpg 300w, http:\/\/rurallascolonias.com.ar\/wp-content\/uploads\/2016\/04\/vacas-3-150x150.jpg 150w\" sizes=\"(max-width: 300px) 100vw, 300px\" \/><\/a>C\u00f3rdoba, Santa Fe y Entre R\u00edos se reunieron y elaboraron un listado de medidas, en car\u00e1cter de urgente, que elevar al Estado Nacional con el objetivo de poder paliar la compleja situaci\u00f3n ocasionada por los excesos h\u00eddricos. Subsidios para alimentaci\u00f3n, cr\u00e9ditos especiales, menor presi\u00f3n fiscal y fondos para reconstrucci\u00f3n de caminos rurales, algunos de los principales reclamos<\/em><\/strong><!--more--><\/p>\n<p>Los ministros cordobeses de Agricultura y Ganader\u00eda, Sergio Busso, y de Agua, Ambiente y Servicios P\u00fablicos, Fabi\u00e1n L\u00f3pez, se reunieron este mediod\u00eda en Rosario con sus pares de Santa Fe y Entre R\u00edos. Luis Contigiani y Le\u00f3n Garibay, de las carteras de Producci\u00f3n y de Infraestructura santafesinas, y Carlos Schepens, titular del Ministerio de Producci\u00f3n entrerriano, completaron el listado de las principales autoridades que se dieron cita en la sede de Gobierno que la provincia de Santa Fe posee en la ciudad ubicada a orillas del Paran\u00e1.<\/p>\n<p>El objetivo de la convocatoria fue definir una agenda de temas comunes a las tres jurisdicciones, fundamentalmente, aquellos que tienen que ver con ayudas o medidas destinadas a paliar la situaci\u00f3n que vienen atravesando producto de los anegamientos; estos \u00faltimos, a su vez, consecuencia de las intensas precipitaciones que se est\u00e1n registrando desde principios de a\u00f1o.<\/p>\n<p>En la reuni\u00f3n, los funcionarios elaboraron un documento con el punteo de las medidas que elevar\u00e1n a sus respectivos gobernadores, para que, posteriormente, los mandatarios lo trasladen a las m\u00e1ximas autoridades nacionales de las \u00e1reas de injerencia.<\/p>\n<p>El documento inicia con una introducci\u00f3n, en la que se describen los inconvenientes que atraviesan las provincias, y que lleva como t\u00edtulo \u201cAnte problemas extraordinarios, soluciones extraordinarias\u201d.<\/p>\n<p>\u201cEl evento clim\u00e1tico que azot\u00f3 a la Regi\u00f3n Centro en los \u00faltimos meses tiene un fort\u00edsimo impacto social y econ\u00f3mico para las tres provincias. Hoy estamos ante una situaci\u00f3n devastadora, con gran parte de la cosecha gruesa sin cosechar, localidades anegadas, miles de hect\u00e1reas bajo el agua, rutas cortadas y caminos rurales intransitables.<\/p>\n<p>El propio presidente de la Naci\u00f3n, Mauricio Macri, y la vicepresidenta Gabriela Michetti, pudieron recorrer por v\u00eda a\u00e9rea la regi\u00f3n y advertir la magnitud de los problemas padecidos por C\u00f3rdoba, Santa Fe y Entre R\u00edos.<\/p>\n<p>En ese marco, hace varias semanas que es imposible sacar la producci\u00f3n lechera, motivo que implic\u00f3 el agravamiento de los problemas que ya tra\u00eda el sector. Para la ganader\u00eda, con animales que cayeron en kilos y pasturas que se perdieron, los efectos son negativos. En cuanto a la soja que estaba empezando a cosecharse, aunque no conozcamos aun el impacto final, en t\u00e9rminos probabil\u00edsticos podemos inferir notables p\u00e9rdidas en los rindes.<\/p>\n<p>Ahora, hay que recomponer pasturas, trabajar en la infraestructura h\u00eddrica y vial, dar financiamiento y asistencia a los afectados. Debemos impedir que se corte la cadena de pagos y hay que sostener a cada productor en actividad.<\/p>\n<p>Se trata de objetivos que exceden largamente la posibilidad econ\u00f3mica de las provincias afectadas. Y es por eso, que solicitamos la participaci\u00f3n del Estado nacional en la b\u00fasqueda de soluciones. Ante un evento extraordinario, necesitamos soluciones extraordinarias\u201d.<\/p>\n<p><strong><em>A continuaci\u00f3n, los Ministros desarrollaron un punteo de las medidas solicitadas desde la Regi\u00f3n Centro:<\/em><\/strong><\/p>\n<p>Medidas para paliar la crisis lechera<br \/>\n\u2022 Por situaci\u00f3n de crisis por el bajo precio y las inundaciones estamos con un 50 por ciento de producci\u00f3n habitual, lo que representa p\u00e9rdida importante de litros diarios, con millonarias bajas en los ingresos para nuestros pueblos.<br \/>\n\u2022 Subsidios para financiar la alimentaci\u00f3n de los tambos (ma\u00edz y pasturas): 400 pesos por vaca hasta las cien primeras vacas.<\/p>\n<p>Financiamiento para el Sector Agropecuario<br \/>\n\u2022 Ante las millonarias p\u00e9rdidas de la producci\u00f3n sojera y lechera, es muy importante establecer un financiamiento puente, para que el productor pueda pagar sus deudas y volver a producir en la pr\u00f3xima campa\u00f1a gruesa.<br \/>\n\u2022 Cr\u00e9ditos del Banco de la Naci\u00f3n Argentina o cr\u00e9dito internacional con 1 a\u00f1o o m\u00e1s de gracia y 4 a\u00f1os para amortizarlo.<br \/>\n\u2022 Tasa de inter\u00e9s subsidiada.<br \/>\n\u2022 Que el financiamiento no excluya a productores en emergencia o desastre agropecuario.<br \/>\n\u2022 Fomentar la siembra de trigo y pasturas de invierno como herramienta insustituible para disminuir de napas fre\u00e1ticas.<br \/>\n\u2022 Econom\u00edas Regionales: Citricultura, apicultura, pesca y forestaci\u00f3n. Puesta en marcha de mecanismos de asistencia que permitan el desarrollo y la recuperaci\u00f3n de la actividad productiva.<br \/>\nMedidas para paliar crisis arrocera<br \/>\n\u2022 Fondo Rotatorio para estimular la siembra de arroz en las provincias de Santa Fe y Entre R\u00edos.<br \/>\nTarifas<br \/>\n\u2022 Plan de financiamiento de tarifas el\u00e9ctricas para el sector industrial electro-intensivo.<br \/>\nPintar de verde a la Regi\u00f3n Centro<br \/>\n\u2022 Financiamiento: 50 por ciento de la tasa para el 30 a 50 por ciento de los gastos directos de los cultivos de invierno.<\/p>\n<p>Trigo y Otros cultivos de Invierno $\/ha 1.500.<\/p>\n<p>Verdeo y Cultivos de Cobertura $\/Ha 525.<\/p>\n<p>Esto por medio de la oferta crediticia de bancos p\u00fablicos y privados a tasas diferenciales (50 por ciento de la tasa de mercado) en pesos.<\/p>\n<p>Objetivo: Asistir a productores para lograr una superficie de m\u00e1s de 3 M Has sembradas con cultivos de invierno en la presente campa\u00f1a. Movimiento de la econom\u00eda local en los meses de mayo y junio, siembra, y noviembre y diciembre, cosecha; pulverizaciones, consumo de agua excedente de manera regional, aporte de carbono a los suelos, rotaci\u00f3n de cultivos y ra\u00edces, rotaci\u00f3n de productos fitosanitarios, control de malezas problema<\/p>\n<p>Producci\u00f3n porcina y aviar<br \/>\n\u2022 En este marco de emergencia h\u00eddrica, vial y econ\u00f3mica, es importante frenar las importaciones de carne porcina y aviar que impactan negativamente sobre el desarrollo de los sectores mencionados.<\/p>\n<p>Situaci\u00f3n tributaria<br \/>\n\u2022 Morigerar presi\u00f3n fiscal a productores en emergencia o desastre.<br \/>\n\u2022 Implementar en forma r\u00e1pida los diferimientos impositivos que surgen de las Leyes de Emergencia.<\/p>\n<p>Infraestructura Vial<br \/>\n\u2022 Fondo para reconstrucci\u00f3n de red de caminos rurales, rutas pavimentadas e infraestructura vial urbana, y aportes espec\u00edficos extraordinarios e inmediatos.<\/p>\n<p>Obras h\u00eddricas<br \/>\n\u2022 Federalizar el Fondo H\u00eddrico de Infraestructura<br \/>\n\u2022 Asignar un porcentaje de dicho Fondo a la Regi\u00f3n Centro, administrado por las tres provincias en conjunto con la Naci\u00f3n.<\/p>\n<p><strong><em>Fuente: Todo Agro.<\/em><\/strong><\/p>\n","protected":false},"excerpt":{"rendered":"<p>C\u00f3rdoba, Santa Fe y Entre R\u00edos se reunieron y elaboraron un listado de medidas, en car\u00e1cter de urgente, que elevar al Estado Nacional con el objetivo de poder paliar la compleja situaci\u00f3n ocasionada por los excesos h\u00eddricos. Subsidios para alimentaci\u00f3n, cr\u00e9ditos especiales, menor presi\u00f3n fiscal y fondos para reconstrucci\u00f3n de caminos rurales, algunos de los [&hellip;]<\/p>\n","protected":false},"author":5,"featured_media":0,"comment_status":"open","ping_status":"open","sticky":false,"template":"","format":"standard","meta":[],"categories":[42],"tags":[682,222,2841,1224,2842,119,2815],"_links":{"self":[{"href":"http:\/\/rurallascolonias.com.ar\/index.php?rest_route=\/wp\/v2\/posts\/10535"}],"collection":[{"href":"http:\/\/rurallascolonias.com.ar\/index.php?rest_route=\/wp\/v2\/posts"}],"about":[{"href":"http:\/\/rurallascolonias.com.ar\/index.php?rest_route=\/wp\/v2\/types\/post"}],"author":[{"embeddable":true,"href":"http:\/\/rurallascolonias.com.ar\/index.php?rest_route=\/wp\/v2\/users\/5"}],"replies":[{"embeddable":true,"href":"http:\/\/rurallascolonias.com.ar\/index.php?rest_route=%2Fwp%2Fv2%2Fcomments&post=10535"}],"version-history":[{"count":1,"href":"http:\/\/rurallascolonias.com.ar\/index.php?rest_route=\/wp\/v2\/posts\/10535\/revisions"}],"predecessor-version":[{"id":10537,"href":"http:\/\/rurallascolonias.com.ar\/index.php?rest_route=\/wp\/v2\/posts\/10535\/revisions\/10537"}],"wp:attachment":[{"href":"http:\/\/rurallascolonias.com.ar\/index.php?rest_route=%2Fwp%2Fv2%2Fmedia&parent=10535"}],"wp:term":[{"taxonomy":"category","embeddable":true,"href":"http:\/\/rurallascolonias.com.ar\/index.php?rest_route=%2Fwp%2Fv2%2Fcategories&post=10535"},{"taxonomy":"post_tag","embeddable":true,"href":"http:\/\/rurallascolonias.com.ar\/index.php?rest_route=%2Fwp%2Fv2%2Ftags&post=10535"}],"curies":[{"name":"wp","href":"https:\/\/api.w.org\/{rel}","templated":true}]}}