{"id":10512,"date":"2016-04-24T23:33:21","date_gmt":"2016-04-24T23:33:21","guid":{"rendered":"http:\/\/rurallascolonias.com.ar\/?p=10512"},"modified":"2016-04-24T23:33:21","modified_gmt":"2016-04-24T23:33:21","slug":"ni-emergencia-ni-desastre-catastrofe-agropecuaria","status":"publish","type":"post","link":"http:\/\/rurallascolonias.com.ar\/?p=10512","title":{"rendered":"Ni emergencia ni desastre: cat\u00e1strofe agropecuaria"},"content":{"rendered":"<p><em><strong><a href=\"http:\/\/rurallascolonias.com.ar\/?attachment_id=10417\" rel=\"attachment wp-att-10417\"><img loading=\"lazy\" class=\"aligncenter wp-image-10417 size-medium\" src=\"http:\/\/rurallascolonias.com.ar\/wp-content\/uploads\/2016\/04\/inundaciones-3-1-225x300.jpg\" alt=\"inundaciones 3\" width=\"225\" height=\"300\" srcset=\"http:\/\/rurallascolonias.com.ar\/wp-content\/uploads\/2016\/04\/inundaciones-3-1-225x300.jpg 225w, http:\/\/rurallascolonias.com.ar\/wp-content\/uploads\/2016\/04\/inundaciones-3-1-600x800.jpg 600w, http:\/\/rurallascolonias.com.ar\/wp-content\/uploads\/2016\/04\/inundaciones-3-1-624x832.jpg 624w, http:\/\/rurallascolonias.com.ar\/wp-content\/uploads\/2016\/04\/inundaciones-3-1.jpg 720w\" sizes=\"(max-width: 225px) 100vw, 225px\" \/><\/a>La situaci\u00f3n es in\u00e9dita. Toda la provincia est\u00e1 en crisis por un fen\u00f3meno clim\u00e1tico del que no se tiene recuerdos. Mucho menos del da\u00f1o que est\u00e1 provocando en todas las actividades productivas<\/strong><\/em><!--more--><\/p>\n<p>&nbsp;<\/p>\n<p class=\"x-texto\">Tras una in\u00e9dita seguidilla de 20 d\u00edas de lluvia la palabra desastre le queda chica a la catastr\u00f3fica situaci\u00f3n que atraviesa el interior productivo de la provincia de Santa Fe. Si una semana atr\u00e1s el diagn\u00f3stico era preocupante, los \u00faltimos milimetrajes -que levantaron los registros hasta rozar los 1.000mm, s\u00f3lo en abril, para algunos distritos- terminaron de afianzar los peores pron\u00f3sticos y desataron la desesperaci\u00f3n de productores, dirigentes y funcionarios de todos los niveles.<\/p>\n<p class=\"x-texto\">M\u00e1s que elocuente result\u00f3 el decreto que esta semana declar\u00f3 a 18 de los 19 departamentos santafesinos en situaci\u00f3n de emergencia o desastre. A excepci\u00f3n de 9 de Julio, no hay zona de la provincia que no se encuentre anegada. Cultivos, establecimientos ganaderos y lecheros, apiarios, quintas o frutillas: todo est\u00e1 en crisis.<\/p>\n<p class=\"x-texto\">Frente a semejante panorama, desde las entidades del sector solicitaron celeridad en el accionar oficial, tanto provincial como nacional. El com\u00fan denominador es la necesidad de financiar a los productores, a tasa cero y largo plazo, para que retomen cuanto antes la actividad.<\/p>\n<p class=\"x-texto\">Mientras los campos siguen bajo agua o sin piso para continuar con la cosecha, las estimaciones \u201corejean\u201d el nivel de p\u00e9rdidas. El SEA (Sistema de Estimaciones Agr\u00edcolas) de la Bolsa de comercio de Santa Fe calcul\u00f3 que 4.5 millones de hect\u00e1reas en el centro norte provincial est\u00e1n en crisis, donde la peor parte la est\u00e1n sufriendo los planteos agr\u00edcola-ganaderos (leche y carne). La soja es el cultivo m\u00e1s afectado y ya se habr\u00edan perdido 1.1 millones de toneladas en la regi\u00f3n. A nivel nacional, en un informe similar la Bolsa de Cereales de Buenos Aires traz\u00f3 como primera proyecci\u00f3n una ca\u00edda de 4 millones de toneladas para la cosecha sojera, que ahora ser\u00eda de 56 millones de toneladas (por un valor de u$s1.500). Por las im\u00e1genes que llegan desde el campo, con granos brotados, podridos o atacados por hongos, pareciera que los c\u00e1lculos a\u00fan son t\u00edmidos.<\/p>\n<p class=\"x-texto-subtitulo\">Medidas extraordinarias<\/p>\n<p class=\"x-texto\">Carsfe fue la primera entidad en evaluar una gravedad sin precedente. \u201cPodemos definir al estado de emergencia como aquella situaci\u00f3n de peligro o desastre que requiere una acci\u00f3n inmediata\u201d, indic\u00f3 en un comunicado el 20 de abril. Tras ello reformul\u00f3: \u201cla provincia de Santa fe est\u00e1 padeciendo una cat\u00e1strofe inusual que afecta a toda la ruralidad\u201d. De ah\u00ed que sugiera la implementaci\u00f3n de acciones extraordinarias. En el plano provincial, con beneficios para el pago de impuesto inmobiliario rural, patentes de unidades rurales, electricidad de establecimientos agropecuarios, tasa por hect\u00e1rea (donde cada Comuna y\/o Municipio deber\u00e1 redactar la Ordenanza respectiva). A la Naci\u00f3n pidieron que adapte la homologaci\u00f3n de las emergencias dictadas durante 2015 en la provincia (5 decretos) \u201ca los fines de procurar la inclusi\u00f3n de aquellos departamentos y producciones no comprendidas, o deber\u00e1 dictarse una nueva resoluci\u00f3n\u201d y as\u00ed llegar con los beneficios a todos los damnificados.<\/p>\n<p class=\"x-texto\">En declaraciones period\u00edsticas el presidente de la entidad, Gustavo Vionnet, calcul\u00f3 p\u00e9rdidas por u$s2.500 millones en la provincia, teniendo en cuenta los da\u00f1os en agricultura, ganader\u00eda, lecher\u00eda y la actividad frutihort\u00edcola. \u201cEs tan extraordinaria la realidad que exige medidas extraordinarias, y los aportes provinciales y nacionales no est\u00e1n a la altura\u201d, dispar\u00f3. Su propuesta fue que se tome deuda en el exterior para poder prestar a los productores a tasa cero y que el Estado corra con el pago del inter\u00e9s.<\/p>\n<p class=\"x-texto\">Por su parte, la Sociedad Rural de Santa Fe demand\u00f3 un \u201csalvataje\u201d para el sector. Tambi\u00e9n apel\u00f3 a la \u201ccatastr\u00f3fica realidad de la contingencia clim\u00e1tica\u201d, que condicionar\u00e1 fuertemente \u201cel retorno a la producci\u00f3n de inmensas explotaciones\u201d por la falta de recursos que sufrir\u00e1n los productores. \u201cEn lo inmediato debe generarse un fuerte compromiso de ayuda,\u201d, demandaron, y pidieron un programa que individualice a los productores mediante un censo, que eval\u00fae las p\u00e9rdidas estructurales y de producci\u00f3n, y habilite un plan de financiamiento de largo plazo, que permita la nueva inversi\u00f3n estructural y brinde recursos operativos, para financiar la compra de insumos y el mantenimiento de la familia del productor rural los meses que requiera para la concreci\u00f3n de la mencionada recuperaci\u00f3n. La situaci\u00f3n, afirmaron, \u201crequiere por parte de las autoridades provinciales y nacionales un verdadero concepto de salvataje, para poner nuevamente al sector en producci\u00f3n\u201d.<\/p>\n<p class=\"x-texto-subtitulo\">Agr\u00f3nomos piden acciones urgentes y lamentan la inexistencia de un Fondo Antic\u00edclico<\/p>\n<p>El Colegio de Ingenieros Agr\u00f3nomos de la provincia de Santa Fe sum\u00f3 su preocupaci\u00f3n ante la cat\u00e1strofe productiva y lament\u00f3 que la enorme cantidad de recursos que el sector aport\u00f3 durante a\u00f1o no se haya traducido en Fondo Antic\u00edclico con el cual responder a los problemas que hoy tienen los productores en particular y la econom\u00eda nacional en general.<\/p>\n<p class=\"x-sans-1\">El presidente Ra\u00fal Walker indic\u00f3: \u201cm\u00e1s que analizar cuanto se perdi\u00f3, hay que ver c\u00f3mo retomar la producci\u00f3n cuanto antes\u201d. El diagn\u00f3stico trazado no s\u00f3lo incluye una importante merma en el volumen de la cosecha, sino tambi\u00e9n un derrumbe en la calidad de la soja. \u201cHay casos de lotes con \u2018factor 40\u2019, o sea que el 60% no sirve, por lo que esa mercader\u00eda ser\u00e1 imposible de comercializar\u201d, advirti\u00f3.<\/p>\n<p class=\"x-sans-1\">Para Walker \u201cse necesitar\u00e1 un a\u00f1o completo para poner nuevamente en marcha el sistema productivo\u201d. En tal sentido, demand\u00f3 acciones urgentes a los estados Nacional y Provincial porque \u201cse ve lentitud\u201d. El apuro, explic\u00f3, obedece -por ejemplo- a que este mes vence Ganancias para los aut\u00f3nomos \u201cy se demora la decisi\u00f3n de postergar el pago\u201d.<\/p>\n<p class=\"x-sans-1\">Para el dirigente, se precisa con urgencia \u201ccr\u00e9dito a tasa cero y plazos m\u00e1s largos de lo habitual, de 3 a 5 a\u00f1os\u201d para financiar no bienes de capital sino la pr\u00f3xima cosecha. \u201cDeber\u00eda haber surgido de un Fondo Antic\u00edclico, porque durante a\u00f1os el sector aport\u00f3 entre u$s9.000 y u$s12.000 millones anuales y hoy parte de ese aporte deber\u00eda restituirse con cr\u00e9ditos sumamente blandos porque sin no no hay forma de poner el sistema productivo nuevamente en marcha\u201d, sostuvo.<\/p>\n<p class=\"dato-chapa-2\">El dato<\/p>\n<p class=\"x-texto-subtitulo\">Buryaile en Santa Fe<\/p>\n<p>Por iniciativa de Carsfe, el Ministro de Agroindustria de la Naci\u00f3n, Ricardo Buryaile, confirm\u00f3 su presencia en la capital santafesina el pr\u00f3ximo martes 26 de abril. La intenci\u00f3n del ruralismo es que el funcionario recorra las zonas afectadas para tomar dimensi\u00f3n de la cat\u00e1strofe.<\/p>\n<p class=\"x-sans-1\">Por otra parte, Carsfe ser\u00e1 sede el viernes 29 de una reuni\u00f3n de ministros de provincias afectada por la crisis h\u00eddrica. Gestionada junto a INTA, buscar\u00eda hacer un diagn\u00f3stico y analizar acciones conjuntas.<\/p>\n<p class=\"x-sans-1\">Por Juan Manuel Fern\u00e1ndez \u2013 Campo Litoral \u2013 Fotos EDXD.-<\/p>\n","protected":false},"excerpt":{"rendered":"<p>La situaci\u00f3n es in\u00e9dita. Toda la provincia est\u00e1 en crisis por un fen\u00f3meno clim\u00e1tico del que no se tiene recuerdos. Mucho menos del da\u00f1o que est\u00e1 provocando en todas las actividades productivas<\/p>\n","protected":false},"author":5,"featured_media":0,"comment_status":"open","ping_status":"open","sticky":false,"template":"","format":"standard","meta":[],"categories":[1393],"tags":[1876,2780,522],"_links":{"self":[{"href":"http:\/\/rurallascolonias.com.ar\/index.php?rest_route=\/wp\/v2\/posts\/10512"}],"collection":[{"href":"http:\/\/rurallascolonias.com.ar\/index.php?rest_route=\/wp\/v2\/posts"}],"about":[{"href":"http:\/\/rurallascolonias.com.ar\/index.php?rest_route=\/wp\/v2\/types\/post"}],"author":[{"embeddable":true,"href":"http:\/\/rurallascolonias.com.ar\/index.php?rest_route=\/wp\/v2\/users\/5"}],"replies":[{"embeddable":true,"href":"http:\/\/rurallascolonias.com.ar\/index.php?rest_route=%2Fwp%2Fv2%2Fcomments&post=10512"}],"version-history":[{"count":1,"href":"http:\/\/rurallascolonias.com.ar\/index.php?rest_route=\/wp\/v2\/posts\/10512\/revisions"}],"predecessor-version":[{"id":10513,"href":"http:\/\/rurallascolonias.com.ar\/index.php?rest_route=\/wp\/v2\/posts\/10512\/revisions\/10513"}],"wp:attachment":[{"href":"http:\/\/rurallascolonias.com.ar\/index.php?rest_route=%2Fwp%2Fv2%2Fmedia&parent=10512"}],"wp:term":[{"taxonomy":"category","embeddable":true,"href":"http:\/\/rurallascolonias.com.ar\/index.php?rest_route=%2Fwp%2Fv2%2Fcategories&post=10512"},{"taxonomy":"post_tag","embeddable":true,"href":"http:\/\/rurallascolonias.com.ar\/index.php?rest_route=%2Fwp%2Fv2%2Ftags&post=10512"}],"curies":[{"name":"wp","href":"https:\/\/api.w.org\/{rel}","templated":true}]}}