{"id":10510,"date":"2016-04-22T17:27:04","date_gmt":"2016-04-22T17:27:04","guid":{"rendered":"http:\/\/rurallascolonias.com.ar\/?p=10510"},"modified":"2016-04-22T17:27:04","modified_gmt":"2016-04-22T17:27:04","slug":"el-sector-agropecuario-santafesino-sufrio-perdidas-por-2-500-millones-de-dolares-por-las-inundaciones","status":"publish","type":"post","link":"http:\/\/rurallascolonias.com.ar\/?p=10510","title":{"rendered":"El sector agropecuario santafesino sufri\u00f3 p\u00e9rdidas por 2.500 millones de d\u00f3lares por las inundaciones"},"content":{"rendered":"<p><em><strong><a href=\"http:\/\/rurallascolonias.com.ar\/?attachment_id=10338\" rel=\"attachment wp-att-10338\"><img loading=\"lazy\" class=\"aligncenter size-full wp-image-10338\" src=\"http:\/\/rurallascolonias.com.ar\/wp-content\/uploads\/2016\/04\/tambos-inundados.jpg\" alt=\"tambos inundados\" width=\"300\" height=\"270\" \/><\/a>El titular de la Confederaci\u00f3n de Asociaciones Rurales de la provincia de Santa Fe (Carsfe), Gustavo Vionnet, estim\u00f3 que las p\u00e9rdidas por inundaciones \u201csuperar\u00e1n los 2.500 millones de d\u00f3lares\u201d y asegur\u00f3 que \u201cmuchas de las p\u00e9rdidas son irreparables\u201d<\/strong><\/em><!--more--><\/p>\n<p>Vionnet manifest\u00f3 esta ma\u00f1ana que \u201cno es una situaci\u00f3n de unos d\u00edas, es un verdadero desastre clim\u00e1tico\u201d, y asegur\u00f3 adem\u00e1s que \u201cafecta por igual a toda forma de producci\u00f3n en la provincia\u201d.<\/p>\n<p>\u201cHay campos anegados desde hace muchos d\u00edas, caminos destruidos y p\u00e9rdida de rinde y calidad en las cosechas; para los tambos, adem\u00e1s, es una situaci\u00f3n terminal y casi un golpe de gracia; ser\u00e1 necesario adquirir cr\u00e9ditos internacionales que pongan nuevamente en marcha las empresas agropecuarias que est\u00e1n totalmente paralizadas\u201d, y acot\u00f3 que esto afectar\u00e1 \u201cseriamente el tejido social de la provincia\u201d.<\/p>\n<p>Asimismo, se\u00f1al\u00f3 que \u201cson muy contados los sitios del territorio provincial santafesino que no est\u00e1n afectados de una u otra forma, y de manera grave, por la continuidad de lluvias y malas condiciones clim\u00e1ticas, o la crecida de los r\u00edos; es una situaci\u00f3n de quebranto, dejar\u00e1 secuelas graves, ning\u00fan campo aguanta promedios de 500 mil\u00edmetros y lluvias constantes desde hace meses\u201d.<\/p>\n<p>En un comunicado, Carsfe expres\u00f3 que \u201cla provincia de Santa Fe est\u00e1 padeciendo una cat\u00e1strofe inusual que afecta a toda la ruralidad; las poblaciones del interior productivo se presentan vulnerables ante el fen\u00f3meno clim\u00e1tico y los habitantes lo padecen en su cotidianeidad\u201d.<\/p>\n<p>\u201cLa producci\u00f3n santafesina est\u00e1 en situaci\u00f3n de crisis profunda en todas sus actividades, con cultivos agr\u00edcolas perdidos o deteriorados; tambos con su producci\u00f3n severamente disminuida, con pasturas comprometidas y dificultades para alimentar los rodeos; los sectores porcinos, ovinos y av\u00edcolas desbastados; la ganader\u00eda complicada en producci\u00f3n y destetes y sin pastos para el invierno; suelos deteriorados por los excesos h\u00eddricos y red vial colapsada que impide sacar de los campos aquella producci\u00f3n que ha logrado subsistir\u201d, agrega.<\/p>\n<p>Por otra parte, la Sociedad Rural de Reconquista manifest\u00f3 mediante un comunicado su preocupaci\u00f3n por \u201cla situaci\u00f3n que atraviesan comunidades del norte santafesino, destacando el estado de incomunicaci\u00f3n y aislamiento que atraviesan\u201d.<\/p>\n<p>\u201cLa producci\u00f3n santafesina est\u00e1 en una situaci\u00f3n de crisis profunda en todas actividades; la cat\u00e1strofe reinante amerita acciones y actitudes en todos los \u00f3rdenes estatales; pese a los recientes anuncios de acuerdos entre el estado provincial y nacional es importante remarcar que los aportes anunciados resultan insuficientes ante los da\u00f1os que productores y pobladores del norte provincial padecen\u201d, indica.<\/p>\n<p>Seg\u00fan la entidad, \u201cla ausencia de infraestructura ya es cosa juzgada y en virtud del panorama sombr\u00edo que nuestra instituci\u00f3n observa para los d\u00edas por venir insistimos en la necesidad de acciones r\u00e1pidas y contundentes\u201d.<\/p>\n<p>Ayer, el gobernador Miguel Lifschitz formaliz\u00f3 la declaraci\u00f3n de emergencia tras las consecuencias que dejaron las lluvias en casi todo el territorio provincial en las praderas artificiales, en especial las de base alfalfa, tambi\u00e9n en el sector ganadero, la actividad porcina, av\u00edcola, ap\u00edcola y otras producciones de ganado.<\/p>\n<div class=\"copyright\">\n<div class=\"author\">La Capital de Rosario<\/div>\n<\/div>\n","protected":false},"excerpt":{"rendered":"<p>El titular de la Confederaci\u00f3n de Asociaciones Rurales de la provincia de Santa Fe (Carsfe), Gustavo Vionnet, estim\u00f3 que las p\u00e9rdidas por inundaciones \u201csuperar\u00e1n los 2.500 millones de d\u00f3lares\u201d y asegur\u00f3 que \u201cmuchas de las p\u00e9rdidas son irreparables\u201d<\/p>\n","protected":false},"author":5,"featured_media":0,"comment_status":"open","ping_status":"open","sticky":false,"template":"","format":"standard","meta":[],"categories":[42,1393],"tags":[169,2835],"_links":{"self":[{"href":"http:\/\/rurallascolonias.com.ar\/index.php?rest_route=\/wp\/v2\/posts\/10510"}],"collection":[{"href":"http:\/\/rurallascolonias.com.ar\/index.php?rest_route=\/wp\/v2\/posts"}],"about":[{"href":"http:\/\/rurallascolonias.com.ar\/index.php?rest_route=\/wp\/v2\/types\/post"}],"author":[{"embeddable":true,"href":"http:\/\/rurallascolonias.com.ar\/index.php?rest_route=\/wp\/v2\/users\/5"}],"replies":[{"embeddable":true,"href":"http:\/\/rurallascolonias.com.ar\/index.php?rest_route=%2Fwp%2Fv2%2Fcomments&post=10510"}],"version-history":[{"count":1,"href":"http:\/\/rurallascolonias.com.ar\/index.php?rest_route=\/wp\/v2\/posts\/10510\/revisions"}],"predecessor-version":[{"id":10511,"href":"http:\/\/rurallascolonias.com.ar\/index.php?rest_route=\/wp\/v2\/posts\/10510\/revisions\/10511"}],"wp:attachment":[{"href":"http:\/\/rurallascolonias.com.ar\/index.php?rest_route=%2Fwp%2Fv2%2Fmedia&parent=10510"}],"wp:term":[{"taxonomy":"category","embeddable":true,"href":"http:\/\/rurallascolonias.com.ar\/index.php?rest_route=%2Fwp%2Fv2%2Fcategories&post=10510"},{"taxonomy":"post_tag","embeddable":true,"href":"http:\/\/rurallascolonias.com.ar\/index.php?rest_route=%2Fwp%2Fv2%2Ftags&post=10510"}],"curies":[{"name":"wp","href":"https:\/\/api.w.org\/{rel}","templated":true}]}}