{"id":10504,"date":"2016-04-22T10:13:56","date_gmt":"2016-04-22T10:13:56","guid":{"rendered":"http:\/\/rurallascolonias.com.ar\/?p=10504"},"modified":"2016-04-22T17:11:32","modified_gmt":"2016-04-22T17:11:32","slug":"la-mesa-de-enlace-reitero-su-compromiso-con-la-ganaderia-argentina","status":"publish","type":"post","link":"http:\/\/rurallascolonias.com.ar\/?p=10504","title":{"rendered":"La Mesa de Enlace reiter\u00f3 su compromiso con la ganader\u00eda argentina"},"content":{"rendered":"<div class=\"description\"><em><strong><a href=\"http:\/\/rurallascolonias.com.ar\/?attachment_id=10505\" rel=\"attachment wp-att-10505\"><img loading=\"lazy\" class=\"aligncenter size-full wp-image-10505\" src=\"http:\/\/rurallascolonias.com.ar\/wp-content\/uploads\/2016\/04\/ganader\u00eda-argentina.png\" alt=\"ganader\u00eda argentina\" width=\"337\" height=\"149\" srcset=\"http:\/\/rurallascolonias.com.ar\/wp-content\/uploads\/2016\/04\/ganader\u00eda-argentina.png 337w, http:\/\/rurallascolonias.com.ar\/wp-content\/uploads\/2016\/04\/ganader\u00eda-argentina-300x133.png 300w\" sizes=\"(max-width: 337px) 100vw, 337px\" \/><\/a>Al cierre del seminario organizado por el Instituto de Promoci\u00f3n de la Carne Vacuna Argentina el panel integrado por los presidentes de SRA, CRA, FAA y Coninagro disertaron sobre Propuestas para una pol\u00edtica ganadera<\/strong><\/em><\/div>\n<p><!--more--><\/p>\n<div class=\"description\"><\/div>\n<div class=\"vsmcontent\">\n<p>\u00a0El presidente de Confederaciones Rurales Argentinas, Dardo Chiesa, abri\u00f3 el panel: \u201ces muy importante que los cuatro presidentes de las entidades estemos sentados ac\u00e1, por lo que es evidente que la Mesa de Enlace goza de buena salud, para sacar a los productores adelante. Tenemos una tarea muy grande, para la cual primero deberemos fijar el objetivo. Es importante que est\u00e1n claras las reglas de juego. De hecho, el Ministro Buryaile lo expres\u00f3 hoy mismo durante su mensaje\u201d. Y a\u00f1adi\u00f3: \u201cla carne argentina es como el champagne en el mundo. Es algo que todos valoran. Por eso tenemos que tener compromiso y participaci\u00f3n; ir adelante sin miedos, sin falsos orgullos. Y eso no es s\u00f3lo funci\u00f3n del gobierno, sino que depende tambi\u00e9n de todos nosotros\u201d.<\/p>\n<p>Luego, el titular de Coninagro, Egidio Maillard, se\u00f1al\u00f3 metaf\u00f3ricamente que \u201chay que volver y mantener las fant\u00e1sticas maquinitas que son las vacas; para eso hacen falta fondos, pero hay que sostener la maravilla del proceso por el que pasa de ternero a novillo \u2013que es de largo aliento- y para eso hay que tener espalda financiera. S\u00f3lo as\u00ed es posible que exista esta fant\u00e1stica carne que la Argentina produce. Para eso, adem\u00e1s, no hay que volver a los errores. No hay que repetir los dislates que se cometieron y que nos costaron tanto\u201d.<\/p>\n<p>Posteriormente, el presidente de FAA, Omar Pr\u00edncipe, comenz\u00f3 su disertaci\u00f3n valorando el rol del federado Ulises Forte al frente del Ipcva y en la organizaci\u00f3n del seminario; continu\u00f3 solidariz\u00e1ndose con los productores afectados por las inundaciones y reiter\u00f3 la necesidad de que se los ayude con alimentos para el ganado. Dijo: \u201cEl Instituto es una muestra y un ejemplo que damos al gobierno y a la sociedad, porque es un \u00e1mbito virtuoso donde convivimos y nos sentamos todos los actores de la cadena, para elaborar propuestas y lineamientos de pol\u00edticas p\u00fablicas necesarias para la actividad. Venimos de una d\u00e9cada dif\u00edcil, en la que unas de las v\u00edctimas fueron los productores agropecuarios. El Ipcva fue una herramienta para resistir como sector\u201d. Y agreg\u00f3: \u201cTenemos una gran oportunidad y un desaf\u00edo en este 2016. No hay que desaprovecharlo, especialmente quienes tienen dificultades para mantener su plantel. Tenemos que hacer el esfuerzo y tener la capacidad gremial y pol\u00edtica de recuperarlos\u201d.<\/p>\n<p>A continuaci\u00f3n, el titular de la Sociedad Rural Argentina, Luis Miguel Etchevehere, asegur\u00f3 que \u201cestamos ante un nuevo amanecer para la ganader\u00eda. Pensaba qu\u00e9 suerte hemos tenido; al mirar de d\u00f3nde hemos venido y todo lo que nos toc\u00f3 vivir, cuando no sab\u00edamos qu\u00e9 iba a pasar y buscamos tener m\u00e1s fuerza trabajando juntos. El tiempo demostr\u00f3 que ten\u00edamos m\u00e1s coincidencias de las que cre\u00edamos. Hoy tenemos una hoja en blanco por delante; hay que tener la responsabilidad de llenarla. Hoy, el gobierno nos est\u00e1 pasando la posta; nos est\u00e1 diciendo que van a acompa\u00f1arnos. Y eso implica un enorme desaf\u00edo. Debemos articular todas las alianzas posibles para que la carne argentina alcance el lugar en el mundo que ganemos con nuestra inteligencia productiva y comercial. Estoy seguro de que estamos a la altura\u201d.<\/p>\n<p>Luego del panel, fue el turno del cierre del seminario, a cargo del presidente del Ipcva, Ulises Forte: \u201cquiero agradecer a todos los presentes, eso es invalorable para todos nosotros que hayan hecho el esfuerzo de viajar y de venir a este evento. Nosotros nos llevamos tareas para el hogar; con todos los puntos b\u00e1sicos que dijo cada uno de los disertantes, que nos explicaron hacia d\u00f3nde vamos, cu\u00e1l es el camino y cu\u00e1l nuestra funci\u00f3n. Aceptamos el desaf\u00edo. No le tenemos miedo al trabajo; y ahora que tenemos permiso para ser dirigentes mucho m\u00e1s vamos a trabajar. Esta jornada demuestra que es evidente que hay muchas necesidades, pero mucha m\u00e1s es la esperanza. Y les pedimos ayuda para estar a la altura de las circunstancias y su ayuda para trabajar para que la carne pueda estar en el lugar que se merece\u201d.<\/p>\n<p>Fuente: <a title=\"AIM Digital\" href=\"http:\/\/www.aimdigital.com.ar\/\"><span style=\"color: #0066cc;\">AIM Digital<\/span><\/a><\/p>\n<\/div>\n","protected":false},"excerpt":{"rendered":"<p>Al cierre del seminario organizado por el Instituto de Promoci\u00f3n de la Carne Vacuna Argentina el panel integrado por los presidentes de SRA, CRA, FAA y Coninagro disertaron sobre Propuestas para una pol\u00edtica ganadera<\/p>\n","protected":false},"author":5,"featured_media":0,"comment_status":"open","ping_status":"open","sticky":false,"template":"","format":"standard","meta":[],"categories":[50,14],"tags":[2445,877,34],"_links":{"self":[{"href":"http:\/\/rurallascolonias.com.ar\/index.php?rest_route=\/wp\/v2\/posts\/10504"}],"collection":[{"href":"http:\/\/rurallascolonias.com.ar\/index.php?rest_route=\/wp\/v2\/posts"}],"about":[{"href":"http:\/\/rurallascolonias.com.ar\/index.php?rest_route=\/wp\/v2\/types\/post"}],"author":[{"embeddable":true,"href":"http:\/\/rurallascolonias.com.ar\/index.php?rest_route=\/wp\/v2\/users\/5"}],"replies":[{"embeddable":true,"href":"http:\/\/rurallascolonias.com.ar\/index.php?rest_route=%2Fwp%2Fv2%2Fcomments&post=10504"}],"version-history":[{"count":1,"href":"http:\/\/rurallascolonias.com.ar\/index.php?rest_route=\/wp\/v2\/posts\/10504\/revisions"}],"predecessor-version":[{"id":10506,"href":"http:\/\/rurallascolonias.com.ar\/index.php?rest_route=\/wp\/v2\/posts\/10504\/revisions\/10506"}],"wp:attachment":[{"href":"http:\/\/rurallascolonias.com.ar\/index.php?rest_route=%2Fwp%2Fv2%2Fmedia&parent=10504"}],"wp:term":[{"taxonomy":"category","embeddable":true,"href":"http:\/\/rurallascolonias.com.ar\/index.php?rest_route=%2Fwp%2Fv2%2Fcategories&post=10504"},{"taxonomy":"post_tag","embeddable":true,"href":"http:\/\/rurallascolonias.com.ar\/index.php?rest_route=%2Fwp%2Fv2%2Ftags&post=10504"}],"curies":[{"name":"wp","href":"https:\/\/api.w.org\/{rel}","templated":true}]}}