{"id":10497,"date":"2016-04-22T11:54:17","date_gmt":"2016-04-22T11:54:17","guid":{"rendered":"http:\/\/rurallascolonias.com.ar\/?p=10497"},"modified":"2016-04-22T11:54:17","modified_gmt":"2016-04-22T11:54:17","slug":"asi-se-vive-el-desastre-en-los-tambos-de-la-region","status":"publish","type":"post","link":"http:\/\/rurallascolonias.com.ar\/?p=10497","title":{"rendered":"As\u00ed se vive el desastre en los tambos de la regi\u00f3n"},"content":{"rendered":"<p><em><strong><a href=\"http:\/\/rurallascolonias.com.ar\/?attachment_id=10498\" rel=\"attachment wp-att-10498\"><img loading=\"lazy\" class=\"aligncenter size-full wp-image-10498\" src=\"http:\/\/rurallascolonias.com.ar\/wp-content\/uploads\/2016\/04\/Asi-se-vive-el-desastre-en-los-tambos5.jpg\" alt=\"Asi-se-vive-el-desastre-en-los-tambos5\" width=\"400\" height=\"300\" srcset=\"http:\/\/rurallascolonias.com.ar\/wp-content\/uploads\/2016\/04\/Asi-se-vive-el-desastre-en-los-tambos5.jpg 400w, http:\/\/rurallascolonias.com.ar\/wp-content\/uploads\/2016\/04\/Asi-se-vive-el-desastre-en-los-tambos5-300x225.jpg 300w\" sizes=\"(max-width: 400px) 100vw, 400px\" \/><\/a>El impacto econ\u00f3mico provocado por las inundaciones en la regi\u00f3n de Santa Fe pone a los tambos santafesinos en una situaci\u00f3n desesperante. As\u00ed lo afirmaron referentes del sector que dan cuenta de un panorama desolador para la cuenca lechera, que est\u00e1 casi el 80 por ciento bajo agua<\/strong><\/em><!--more--><\/p>\n<p>\u201cLa producci\u00f3n en estos 18 d\u00edas cay\u00f3 m\u00e1s del 50%. Va a llevar much\u00edsimo tiempo recuperarnos. Y lamentablemente, quedar\u00e1n muchos productores en el camino\u201d, opin\u00f3 Gustavo Vionnet, titular Confederaci\u00f3n Asociaciones Rurales de Santa Fe.<\/p>\n<p>\u201cNo qued\u00f3 un solo camino con posibilidades de transitarse. La conectividad entre la empresa agropecuaria y el pueblo donde viven los productores qued\u00f3 totalmente cortada\u201d, describi\u00f3 el presidente de la entidad agropecuaria.<\/p>\n<p><a href=\"http:\/\/rurallascolonias.com.ar\/?attachment_id=10499\" rel=\"attachment wp-att-10499\"><img loading=\"lazy\" class=\"aligncenter size-full wp-image-10499\" src=\"http:\/\/rurallascolonias.com.ar\/wp-content\/uploads\/2016\/04\/Asi-se-vive-el-desastre-en-los-tambos1.jpg\" alt=\"Asi-se-vive-el-desastre-en-los-tambos1\" width=\"400\" height=\"300\" srcset=\"http:\/\/rurallascolonias.com.ar\/wp-content\/uploads\/2016\/04\/Asi-se-vive-el-desastre-en-los-tambos1.jpg 400w, http:\/\/rurallascolonias.com.ar\/wp-content\/uploads\/2016\/04\/Asi-se-vive-el-desastre-en-los-tambos1-300x225.jpg 300w\" sizes=\"(max-width: 400px) 100vw, 400px\" \/><\/a>Naci\u00f3n y Provincia anunciaron paquete de emergencia para el sector lechero santafesino. Por la leche de abril y mayo pr\u00f3ximos se abonar\u00e1 un subsidio de 50 centavos por litro (contra lo producido en febrero y marzo), hasta los 3.000 litros. El gobierno nacional pondr\u00e1 40 centavos por litro y la provincia 10 centavos.<\/p>\n<p>Asimismo, la provincia anunci\u00f3 que los productores lecheros obtendr\u00e1n un financiamiento para el pago del incremento de la tarifa de la luz para los pr\u00f3ximos tres bimestres a tasa cero. En tanto, las usinas l\u00e1cteas tambi\u00e9n contar\u00e1n con el beneficio de poder prorratear el pago del aumento en seis meses sin inter\u00e9s.<\/p>\n<p>Fuente: Punto biz<\/p>\n","protected":false},"excerpt":{"rendered":"<p>El impacto econ\u00f3mico provocado por las inundaciones en la regi\u00f3n de Santa Fe pone a los tambos santafesinos en una situaci\u00f3n desesperante. As\u00ed lo afirmaron referentes del sector que dan cuenta de un panorama desolador para la cuenca lechera, que est\u00e1 casi el 80 por ciento bajo agua<\/p>\n","protected":false},"author":5,"featured_media":0,"comment_status":"open","ping_status":"open","sticky":false,"template":"","format":"standard","meta":[],"categories":[42],"tags":[2780,955,406],"_links":{"self":[{"href":"http:\/\/rurallascolonias.com.ar\/index.php?rest_route=\/wp\/v2\/posts\/10497"}],"collection":[{"href":"http:\/\/rurallascolonias.com.ar\/index.php?rest_route=\/wp\/v2\/posts"}],"about":[{"href":"http:\/\/rurallascolonias.com.ar\/index.php?rest_route=\/wp\/v2\/types\/post"}],"author":[{"embeddable":true,"href":"http:\/\/rurallascolonias.com.ar\/index.php?rest_route=\/wp\/v2\/users\/5"}],"replies":[{"embeddable":true,"href":"http:\/\/rurallascolonias.com.ar\/index.php?rest_route=%2Fwp%2Fv2%2Fcomments&post=10497"}],"version-history":[{"count":1,"href":"http:\/\/rurallascolonias.com.ar\/index.php?rest_route=\/wp\/v2\/posts\/10497\/revisions"}],"predecessor-version":[{"id":10500,"href":"http:\/\/rurallascolonias.com.ar\/index.php?rest_route=\/wp\/v2\/posts\/10497\/revisions\/10500"}],"wp:attachment":[{"href":"http:\/\/rurallascolonias.com.ar\/index.php?rest_route=%2Fwp%2Fv2%2Fmedia&parent=10497"}],"wp:term":[{"taxonomy":"category","embeddable":true,"href":"http:\/\/rurallascolonias.com.ar\/index.php?rest_route=%2Fwp%2Fv2%2Fcategories&post=10497"},{"taxonomy":"post_tag","embeddable":true,"href":"http:\/\/rurallascolonias.com.ar\/index.php?rest_route=%2Fwp%2Fv2%2Ftags&post=10497"}],"curies":[{"name":"wp","href":"https:\/\/api.w.org\/{rel}","templated":true}]}}