{"id":10488,"date":"2016-04-21T18:08:40","date_gmt":"2016-04-21T18:08:40","guid":{"rendered":"http:\/\/rurallascolonias.com.ar\/?p=10488"},"modified":"2016-04-21T18:08:40","modified_gmt":"2016-04-21T18:08:40","slug":"el-departamento-las-colonias-declarada-zona-de-desastre","status":"publish","type":"post","link":"http:\/\/rurallascolonias.com.ar\/?p=10488","title":{"rendered":"EL DEPARTAMENTO LAS COLONIAS DECLARADA \u00abZONA DE DESASTRE\u00bb"},"content":{"rendered":"<p><em><strong><a href=\"http:\/\/rurallascolonias.com.ar\/?attachment_id=10489\" rel=\"attachment wp-att-10489\"><img loading=\"lazy\" class=\"aligncenter wp-image-10489 size-medium\" src=\"http:\/\/rurallascolonias.com.ar\/wp-content\/uploads\/2016\/04\/reuni\u00f3n-Municipio-300x225.jpg\" alt=\"reuni\u00f3n Municipio\" width=\"300\" height=\"225\" srcset=\"http:\/\/rurallascolonias.com.ar\/wp-content\/uploads\/2016\/04\/reuni\u00f3n-Municipio-300x225.jpg 300w, http:\/\/rurallascolonias.com.ar\/wp-content\/uploads\/2016\/04\/reuni\u00f3n-Municipio-768x576.jpg 768w, http:\/\/rurallascolonias.com.ar\/wp-content\/uploads\/2016\/04\/reuni\u00f3n-Municipio-600x450.jpg 600w, http:\/\/rurallascolonias.com.ar\/wp-content\/uploads\/2016\/04\/reuni\u00f3n-Municipio-624x468.jpg 624w, http:\/\/rurallascolonias.com.ar\/wp-content\/uploads\/2016\/04\/reuni\u00f3n-Municipio.jpg 960w\" sizes=\"(max-width: 300px) 100vw, 300px\" \/><\/a>Esta ma\u00f1ana\u00a0se realiz\u00f3 una reuni\u00f3n en la Municipalidad de Esperanza con presencia de autoridades locales<\/strong> <\/em><!--more--><\/p>\n<p>En la misma se elev\u00f3 el pedido para declarar al distrito en desastre (con excepciones impositivas, l\u00edneas de cr\u00e9dito, emergencia sanitaria, emergencia vial como as\u00ed tambi\u00e9n un pedido de circulaci\u00f3n de maquinaria en rutas. Adem\u00e1s, se acord\u00f3 en Carsfe un pedido concreto a nivel crediticio en funci\u00f3n de las p\u00e9rdidas y la necesidad de poner en marcha nuevamente al sector productivo que se llevar\u00e1\u00a0a CRA y Melconian el pr\u00f3ximo lunes.<\/p>\n<p><a href=\"http:\/\/rurallascolonias.com.ar\/?attachment_id=10490\" rel=\"attachment wp-att-10490\"><img loading=\"lazy\" class=\"aligncenter wp-image-10490 size-medium\" src=\"http:\/\/rurallascolonias.com.ar\/wp-content\/uploads\/2016\/04\/reuni\u00f3n-municipio-2-300x225.jpg\" alt=\"reuni\u00f3n municipio 2\" width=\"300\" height=\"225\" srcset=\"http:\/\/rurallascolonias.com.ar\/wp-content\/uploads\/2016\/04\/reuni\u00f3n-municipio-2-300x225.jpg 300w, http:\/\/rurallascolonias.com.ar\/wp-content\/uploads\/2016\/04\/reuni\u00f3n-municipio-2-768x576.jpg 768w, http:\/\/rurallascolonias.com.ar\/wp-content\/uploads\/2016\/04\/reuni\u00f3n-municipio-2-600x450.jpg 600w, http:\/\/rurallascolonias.com.ar\/wp-content\/uploads\/2016\/04\/reuni\u00f3n-municipio-2-624x468.jpg 624w, http:\/\/rurallascolonias.com.ar\/wp-content\/uploads\/2016\/04\/reuni\u00f3n-municipio-2.jpg 960w\" sizes=\"(max-width: 300px) 100vw, 300px\" \/><\/a><\/p>\n","protected":false},"excerpt":{"rendered":"<p>Esta ma\u00f1ana\u00a0se realiz\u00f3 una reuni\u00f3n en la Municipalidad de Esperanza con presencia de autoridades locales<\/p>\n","protected":false},"author":5,"featured_media":0,"comment_status":"open","ping_status":"open","sticky":false,"template":"","format":"standard","meta":[],"categories":[42],"tags":[],"_links":{"self":[{"href":"http:\/\/rurallascolonias.com.ar\/index.php?rest_route=\/wp\/v2\/posts\/10488"}],"collection":[{"href":"http:\/\/rurallascolonias.com.ar\/index.php?rest_route=\/wp\/v2\/posts"}],"about":[{"href":"http:\/\/rurallascolonias.com.ar\/index.php?rest_route=\/wp\/v2\/types\/post"}],"author":[{"embeddable":true,"href":"http:\/\/rurallascolonias.com.ar\/index.php?rest_route=\/wp\/v2\/users\/5"}],"replies":[{"embeddable":true,"href":"http:\/\/rurallascolonias.com.ar\/index.php?rest_route=%2Fwp%2Fv2%2Fcomments&post=10488"}],"version-history":[{"count":1,"href":"http:\/\/rurallascolonias.com.ar\/index.php?rest_route=\/wp\/v2\/posts\/10488\/revisions"}],"predecessor-version":[{"id":10491,"href":"http:\/\/rurallascolonias.com.ar\/index.php?rest_route=\/wp\/v2\/posts\/10488\/revisions\/10491"}],"wp:attachment":[{"href":"http:\/\/rurallascolonias.com.ar\/index.php?rest_route=%2Fwp%2Fv2%2Fmedia&parent=10488"}],"wp:term":[{"taxonomy":"category","embeddable":true,"href":"http:\/\/rurallascolonias.com.ar\/index.php?rest_route=%2Fwp%2Fv2%2Fcategories&post=10488"},{"taxonomy":"post_tag","embeddable":true,"href":"http:\/\/rurallascolonias.com.ar\/index.php?rest_route=%2Fwp%2Fv2%2Ftags&post=10488"}],"curies":[{"name":"wp","href":"https:\/\/api.w.org\/{rel}","templated":true}]}}