{"id":1047,"date":"2014-01-23T13:47:42","date_gmt":"2014-01-23T13:47:42","guid":{"rendered":"http:\/\/rurallascolonias.com.ar\/?p=1047"},"modified":"2014-01-23T13:47:42","modified_gmt":"2014-01-23T13:47:42","slug":"cobos-no-hay-que-castigar-mas-al-campo-con-presion-tributaria","status":"publish","type":"post","link":"http:\/\/rurallascolonias.com.ar\/?p=1047","title":{"rendered":"COBOS: \u00abNo hay que castigar m\u00e1s al campo con presi\u00f3n tributaria\u00bb"},"content":{"rendered":"<p><em><strong><a href=\"http:\/\/rurallascolonias.com.ar\/wp-content\/uploads\/2014\/01\/julio_cobosOK.jpg\"><img loading=\"lazy\" class=\"alignleft  wp-image-1048\" alt=\"julio_cobosOK\" src=\"http:\/\/rurallascolonias.com.ar\/wp-content\/uploads\/2014\/01\/julio_cobosOK.jpg\" width=\"360\" height=\"270\" srcset=\"http:\/\/rurallascolonias.com.ar\/wp-content\/uploads\/2014\/01\/julio_cobosOK.jpg 600w, http:\/\/rurallascolonias.com.ar\/wp-content\/uploads\/2014\/01\/julio_cobosOK-300x225.jpg 300w\" sizes=\"(max-width: 360px) 100vw, 360px\" \/><\/a>El diputado nacional se quej\u00f3 por la situaci\u00f3n que atraviesa el trigo y la carne.<\/strong><\/em><\/p>\n<p>El exvicepresidente Julio Cobos cuestion\u00f3 al Gobierno Nacional por la crisis que enfrentan distintos sectores productivos.\u00a0<!--more--><\/p>\n<p>\u00abNo puede ser que estemos a 9 millones de toneladas de trigo y en la carne tenemos millones de cabezas de ganado menos y frigor\u00edficos que han cerrado\u00bb, se quej\u00f3 el diputado.<\/p>\n<p>Y se\u00f1al\u00f3 que se deben instrumentar \u00abincentivos tributarios\u00bb que ayuden a las distintas econom\u00edas. Adem\u00e1s se refiri\u00f3 al proyecto impulsado por el diputado Sergio Massa para eliminar retenciones. \u00abHay muchos proyectos y esperamos consensuarlos. Tienen que beneficiar a todos, incluso al Gobierno. No hay que castigar m\u00e1s al campo con presi\u00f3n tributaria\u00bb.<\/p>\n<p>Fuente: Edici\u00f3n Rural<\/p>\n","protected":false},"excerpt":{"rendered":"<p>El diputado nacional se quej\u00f3 por la situaci\u00f3n que atraviesa el trigo y la carne. El exvicepresidente Julio Cobos cuestion\u00f3 al Gobierno Nacional por la crisis que enfrentan distintos sectores productivos.\u00a0<\/p>\n","protected":false},"author":5,"featured_media":0,"comment_status":"closed","ping_status":"closed","sticky":false,"template":"","format":"standard","meta":[],"categories":[42],"tags":[378,434],"_links":{"self":[{"href":"http:\/\/rurallascolonias.com.ar\/index.php?rest_route=\/wp\/v2\/posts\/1047"}],"collection":[{"href":"http:\/\/rurallascolonias.com.ar\/index.php?rest_route=\/wp\/v2\/posts"}],"about":[{"href":"http:\/\/rurallascolonias.com.ar\/index.php?rest_route=\/wp\/v2\/types\/post"}],"author":[{"embeddable":true,"href":"http:\/\/rurallascolonias.com.ar\/index.php?rest_route=\/wp\/v2\/users\/5"}],"replies":[{"embeddable":true,"href":"http:\/\/rurallascolonias.com.ar\/index.php?rest_route=%2Fwp%2Fv2%2Fcomments&post=1047"}],"version-history":[{"count":1,"href":"http:\/\/rurallascolonias.com.ar\/index.php?rest_route=\/wp\/v2\/posts\/1047\/revisions"}],"predecessor-version":[{"id":1049,"href":"http:\/\/rurallascolonias.com.ar\/index.php?rest_route=\/wp\/v2\/posts\/1047\/revisions\/1049"}],"wp:attachment":[{"href":"http:\/\/rurallascolonias.com.ar\/index.php?rest_route=%2Fwp%2Fv2%2Fmedia&parent=1047"}],"wp:term":[{"taxonomy":"category","embeddable":true,"href":"http:\/\/rurallascolonias.com.ar\/index.php?rest_route=%2Fwp%2Fv2%2Fcategories&post=1047"},{"taxonomy":"post_tag","embeddable":true,"href":"http:\/\/rurallascolonias.com.ar\/index.php?rest_route=%2Fwp%2Fv2%2Ftags&post=1047"}],"curies":[{"name":"wp","href":"https:\/\/api.w.org\/{rel}","templated":true}]}}