{"id":10459,"date":"2016-04-20T12:11:40","date_gmt":"2016-04-20T12:11:40","guid":{"rendered":"http:\/\/rurallascolonias.com.ar\/?p=10459"},"modified":"2016-04-20T12:11:40","modified_gmt":"2016-04-20T12:11:40","slug":"el-ministro-contigiani-levanto-la-voz","status":"publish","type":"post","link":"http:\/\/rurallascolonias.com.ar\/?p=10459","title":{"rendered":"El ministro Contigiani levant\u00f3 la voz"},"content":{"rendered":"<p><em><strong><a href=\"http:\/\/rurallascolonias.com.ar\/?attachment_id=9755\" rel=\"attachment wp-att-9755\"><img loading=\"lazy\" class=\"alignleft size-full wp-image-9755\" src=\"http:\/\/rurallascolonias.com.ar\/wp-content\/uploads\/2016\/02\/CONTIGIANI.jpg\" alt=\"CONTIGIANI\" width=\"225\" height=\"225\" srcset=\"http:\/\/rurallascolonias.com.ar\/wp-content\/uploads\/2016\/02\/CONTIGIANI.jpg 225w, http:\/\/rurallascolonias.com.ar\/wp-content\/uploads\/2016\/02\/CONTIGIANI-150x150.jpg 150w\" sizes=\"(max-width: 225px) 100vw, 225px\" \/><\/a>\u201cSe necesitan ayudas concretas\u201d, dijo el funcionario y enumer\u00f3 el pedido a la Naci\u00f3n para que acelere el fondo compensador a productores tamberos y la firma del convenio de cr\u00e9ditos para tamberos que la provincia ya tiene lista<\/strong><\/em><!--more--><\/p>\n<p>El ministro de Producci\u00f3n, Luis Contigiani, calific\u00f3 como \u201cun tsunami\u201d al temporal que afecta a la provincia y critic\u00f3 a los funcionarios de la Naci\u00f3n: \u201cNo alcanza con venir a Santa Fe a teorizar sobre el cambio clim\u00e1tico, se necesitan ayudas concretas, cr\u00e9ditos para superar este evento extraordinario\u201d. \u201cDeber\u00edan estar trabajando junto a las provincias en soluciones concretas\u201d, dijo y pidi\u00f3 \u201cm\u00e1s compromiso\u201d a esos mismos funcionarios. Con un perfil m\u00e1s alto que el acostumbrado para funcionarios del \u00e1rea, Contigiani tampoco tuvo pelos en la lengua al ser consultado sobre la visita del presidente Mauricio Macri a las zonas afectadas (ver aparte): \u201cNo s\u00e9 los detalles de lo que hizo el Presidente, pero sea lo que sea, en t\u00e9rminos de pol\u00edtica, contradice el discurso de federalismo e institucionalidad\u201d.<\/p>\n<p>El ministro Contigiani se\u00f1al\u00f3 que \u201cen el marco de la situaci\u00f3n de emergencia que presenta nuestro territorio, pondremos a disposici\u00f3n del sector productivo una bater\u00eda de herramientas de apoyo en las que estamos trabajando: un fondo rotatorio para el sector arrocero de 20 millones de pesos\u201d.<\/p>\n<p>Tambi\u00e9n apunt\u00f3 a un pedido \u201cante Naci\u00f3n para que acelere el fondo compensador a productores tamberos de 50 centavos por litro de leche -en los primeros tres mil- de los cuales 10 centavos son aportados por el gobierno provincial, lo que nos significa m\u00e1s de 30 millones de pesos\u201d. Y colg\u00f3, de paso, un tercero: \u201cLa solicitud al gobierno nacional para que firme el convenio y quede operativa la l\u00ednea de cr\u00e9ditos para tamberos que la provincia tiene lista hace 40 d\u00edas; y un fondo para la cuenca ca\u00f1era; entre otras\u201d.<\/p>\n<p>El funcionario se explay\u00f3 ayer en declaraciones radiales analizando que \u201cel impacto del evento clim\u00e1tico ha sido muy agresivo, ha puesto en crisis al sector productivo de la provincia\u201d y afirm\u00f3 que \u201cel 80 por ciento de la cuenca lechera est\u00e1 bajo agua, con p\u00e9rdida de animales y ca\u00edda de producci\u00f3n muy grande en un sector que ya ven\u00eda en crisis\u201d.<\/p>\n<p>\u201cEn otros casos como en el de la soja en el que ten\u00edamos buenas expectativas, est\u00e1 en stand by, no sabemos qu\u00e9 da\u00f1os y perspectivas vamos a tener\u201d, agreg\u00f3. Contigiani explic\u00f3 que \u201csi bien la idea es dar esperanza, pero la situaci\u00f3n es de desastre, en algunos casos como la lecher\u00eda esto ha sido como un tsunami\u201d.<\/p>\n<p>En ese marco alert\u00f3 sobre la escasa ayuda que se recibe por parte de la Naci\u00f3n. \u201cEl sistema de emergencia ya no alcanza para cubrir las consecuencias de los eventos clim\u00e1ticos actuales\u201d, dijo para aclarar que no es acorde a lo que sucede para ayudar al sector productivo.<\/p>\n<p>Consultado en el marco de la Comisi\u00f3n T\u00e9cnica que evaluar\u00e1 la extensi\u00f3n de la emergencia agropecuaria, debido a las consecuencias de las lluvias y crecidas en las zonas rurales de la regi\u00f3n, el ministro de la Producci\u00f3n, asegur\u00f3: \u201cDeterminamos la necesidad de declarar emergencia y desastre, ya que hay sectores, como la lecher\u00eda y el arroz, que superan el 50 por ciento de da\u00f1os en la producci\u00f3n\u201d.<\/p>\n<p>Con relaci\u00f3n al impacto del fen\u00f3meno de \u201cEl Ni\u00f1o\u201d en la regi\u00f3n, expres\u00f3: \u201cEste tipo de reg\u00edmenes agr\u00edcolas, totalmente desbalanceados y cerca del monocultivo, producen sistemas que no alcanzan a absorber el agua\u201d.<\/p>\n<p>Asimismo, Contigiani se refiri\u00f3 a la relaci\u00f3n entre la siembra directa y el monocultivo y la apropiada absorci\u00f3n del agua: \u201cEn s\u00ed misma, la siembra directa no es el problema. El problema es el sistema que tiende al monocultivo\u201d. \u201cEn el presente, el balance para absorber el agua no llega a 500 mm en el a\u00f1o. Antes, ten\u00edamos un r\u00e9gimen agropecuario preparado para absorber de 1000 a 1200 mm\u201d, precis\u00f3.<br \/>\nhttp:\/\/www.pagina12.com.ar\/<\/p>\n","protected":false},"excerpt":{"rendered":"<p>\u201cSe necesitan ayudas concretas\u201d, dijo el funcionario y enumer\u00f3 el pedido a la Naci\u00f3n para que acelere el fondo compensador a productores tamberos y la firma del convenio de cr\u00e9ditos para tamberos que la provincia ya tiene lista<\/p>\n","protected":false},"author":5,"featured_media":0,"comment_status":"open","ping_status":"open","sticky":false,"template":"","format":"standard","meta":[],"categories":[14,33],"tags":[2552,2819],"_links":{"self":[{"href":"http:\/\/rurallascolonias.com.ar\/index.php?rest_route=\/wp\/v2\/posts\/10459"}],"collection":[{"href":"http:\/\/rurallascolonias.com.ar\/index.php?rest_route=\/wp\/v2\/posts"}],"about":[{"href":"http:\/\/rurallascolonias.com.ar\/index.php?rest_route=\/wp\/v2\/types\/post"}],"author":[{"embeddable":true,"href":"http:\/\/rurallascolonias.com.ar\/index.php?rest_route=\/wp\/v2\/users\/5"}],"replies":[{"embeddable":true,"href":"http:\/\/rurallascolonias.com.ar\/index.php?rest_route=%2Fwp%2Fv2%2Fcomments&post=10459"}],"version-history":[{"count":1,"href":"http:\/\/rurallascolonias.com.ar\/index.php?rest_route=\/wp\/v2\/posts\/10459\/revisions"}],"predecessor-version":[{"id":10460,"href":"http:\/\/rurallascolonias.com.ar\/index.php?rest_route=\/wp\/v2\/posts\/10459\/revisions\/10460"}],"wp:attachment":[{"href":"http:\/\/rurallascolonias.com.ar\/index.php?rest_route=%2Fwp%2Fv2%2Fmedia&parent=10459"}],"wp:term":[{"taxonomy":"category","embeddable":true,"href":"http:\/\/rurallascolonias.com.ar\/index.php?rest_route=%2Fwp%2Fv2%2Fcategories&post=10459"},{"taxonomy":"post_tag","embeddable":true,"href":"http:\/\/rurallascolonias.com.ar\/index.php?rest_route=%2Fwp%2Fv2%2Ftags&post=10459"}],"curies":[{"name":"wp","href":"https:\/\/api.w.org\/{rel}","templated":true}]}}