{"id":10397,"date":"2016-04-15T12:00:05","date_gmt":"2016-04-15T12:00:05","guid":{"rendered":"http:\/\/rurallascolonias.com.ar\/?p=10397"},"modified":"2016-04-15T12:00:05","modified_gmt":"2016-04-15T12:00:05","slug":"posponen-mercolactea-2016-hasta-junio-por-el-fenomeno-climatico","status":"publish","type":"post","link":"http:\/\/rurallascolonias.com.ar\/?p=10397","title":{"rendered":"Posponen Mercol\u00e1ctea 2016 hasta junio por el fen\u00f3meno clim\u00e1tico"},"content":{"rendered":"<p><strong><em><a href=\"http:\/\/rurallascolonias.com.ar\/?attachment_id=10398\" rel=\"attachment wp-att-10398\"><img loading=\"lazy\" class=\"aligncenter size-full wp-image-10398\" src=\"http:\/\/rurallascolonias.com.ar\/wp-content\/uploads\/2016\/04\/Mercol\u00e1ctea.jpg\" alt=\"Mercol\u00e1ctea\" width=\"224\" height=\"224\" srcset=\"http:\/\/rurallascolonias.com.ar\/wp-content\/uploads\/2016\/04\/Mercol\u00e1ctea.jpg 224w, http:\/\/rurallascolonias.com.ar\/wp-content\/uploads\/2016\/04\/Mercol\u00e1ctea-150x150.jpg 150w\" sizes=\"(max-width: 224px) 100vw, 224px\" \/><\/a>Ser\u00e1 del 15 al 18 de junio en el INTA Rafaela, como ya estaba planificado<\/em><\/strong><!--more--><\/p>\n<p>El clima es determinante en muchas cosas y m\u00e1s si se trata de una celebraci\u00f3n para un sector, como es el caso de Mercol\u00e1ctea que vuelve a la cuenca lechera central y llegar\u00e1 por primera vez a Rafaela.<\/p>\n<p>A aquella primicia que daba a fines del a\u00f1o pasado CASTELLANOS, con el desembarco de la mayor muestra lechera en la ciudad insignia y en el predio del INTA Rafaela, se suma ahora una novedad nada menor, que tiene en cuenta la espera que precisa el sector para poder disfrutar de esta propuesta de capacitaci\u00f3n, tecnolog\u00eda y encuentro para productores, industriales y todo el segmento lechero. Con los tambos todos afectados por las lluvias que se dieron durante 13 d\u00edas seguidos, el barro que demandar\u00e1 varios d\u00edas en secarse y m\u00e1s pron\u00f3sticos de precipitaciones, la fecha original de la muestra que iba a ser del 18 al 21 de mayo defini\u00f3 posponerse.<\/p>\n<p>En una decisi\u00f3n que no fue sencilla, la organizaci\u00f3n a cargo de la muestra desde comienzos de esta semana estuvo analizando la situaci\u00f3n, comunic\u00e1ndose con expositores y disertantes, tanto de nuestro pa\u00eds como los internacionales que llegar\u00e1n para los diferentes paneles, e incluso con las diferentes \u00e1reas de gobierno que intervendr\u00e1n en la exposici\u00f3n para determinar el traslado de la fecha, casi un mes hacia adelante.<\/p>\n<p>Ya casi sobre el inicio del invierno es de suponer que el fen\u00f3meno del Ni\u00f1o ya se haya calmado y con eso sea m\u00e1s viable el desarrollo de actividades en un predio del INTA Rafaela, a la vera de la Ruta Nacional 34 de manera m\u00e1s completa para disfrutar de todas las propuestas, e incluso de conocer de cerca el funcionamiento del tambo robotizado, \u00fanico en el pa\u00eds.<\/p>\n<p>La nueva fecha fue determinada ayer y ser\u00e1 entonces del 15 al 18 de junio que se concrete Mercol\u00e1ctea 2016, en un marco sectorial complejo, pero que busca respuestas, alternativas y posibilidades a futuro.<br \/>\nElida Thiery<br \/>\nCastellanos<\/p>\n","protected":false},"excerpt":{"rendered":"<p>Ser\u00e1 del 15 al 18 de junio en el INTA Rafaela, como ya estaba planificado<\/p>\n","protected":false},"author":5,"featured_media":0,"comment_status":"open","ping_status":"open","sticky":false,"template":"","format":"standard","meta":[],"categories":[14],"tags":[89,1919,2799],"_links":{"self":[{"href":"http:\/\/rurallascolonias.com.ar\/index.php?rest_route=\/wp\/v2\/posts\/10397"}],"collection":[{"href":"http:\/\/rurallascolonias.com.ar\/index.php?rest_route=\/wp\/v2\/posts"}],"about":[{"href":"http:\/\/rurallascolonias.com.ar\/index.php?rest_route=\/wp\/v2\/types\/post"}],"author":[{"embeddable":true,"href":"http:\/\/rurallascolonias.com.ar\/index.php?rest_route=\/wp\/v2\/users\/5"}],"replies":[{"embeddable":true,"href":"http:\/\/rurallascolonias.com.ar\/index.php?rest_route=%2Fwp%2Fv2%2Fcomments&post=10397"}],"version-history":[{"count":1,"href":"http:\/\/rurallascolonias.com.ar\/index.php?rest_route=\/wp\/v2\/posts\/10397\/revisions"}],"predecessor-version":[{"id":10399,"href":"http:\/\/rurallascolonias.com.ar\/index.php?rest_route=\/wp\/v2\/posts\/10397\/revisions\/10399"}],"wp:attachment":[{"href":"http:\/\/rurallascolonias.com.ar\/index.php?rest_route=%2Fwp%2Fv2%2Fmedia&parent=10397"}],"wp:term":[{"taxonomy":"category","embeddable":true,"href":"http:\/\/rurallascolonias.com.ar\/index.php?rest_route=%2Fwp%2Fv2%2Fcategories&post=10397"},{"taxonomy":"post_tag","embeddable":true,"href":"http:\/\/rurallascolonias.com.ar\/index.php?rest_route=%2Fwp%2Fv2%2Ftags&post=10397"}],"curies":[{"name":"wp","href":"https:\/\/api.w.org\/{rel}","templated":true}]}}